{"id":88658,"date":"2023-04-18T10:07:00","date_gmt":"2023-04-18T08:07:00","guid":{"rendered":"https:\/\/www.manquepierda.com\/historiarealbetis\/?p=88658"},"modified":"2023-04-16T12:23:00","modified_gmt":"2023-04-16T10:23:00","slug":"el-betis-infantil-temporada-1974-75","status":"publish","type":"post","link":"https:\/\/www.manquepierda.com\/historiarealbetis\/el-betis-infantil-temporada-1974-75\/","title":{"rendered":"El Betis infantil. Temporada 1974-75."},"content":{"rendered":"<div class=\"wp-block-image\">\n<figure class=\"aligncenter size-full\"><img data-recalc-dims=\"1\" loading=\"lazy\" decoding=\"async\" width=\"889\" height=\"512\" src=\"https:\/\/i0.wp.com\/www.manquepierda.com\/historiarealbetis\/files\/2023\/04\/El-Betis-infantil.-Temporada-1973-74.jpg?resize=889%2C512&#038;ssl=1\" alt=\"\" class=\"wp-image-88659\" srcset=\"https:\/\/i0.wp.com\/www.manquepierda.com\/historiarealbetis\/files\/2023\/04\/El-Betis-infantil.-Temporada-1973-74.jpg?w=889&amp;ssl=1 889w, https:\/\/i0.wp.com\/www.manquepierda.com\/historiarealbetis\/files\/2023\/04\/El-Betis-infantil.-Temporada-1973-74.jpg?resize=680%2C392&amp;ssl=1 680w, https:\/\/i0.wp.com\/www.manquepierda.com\/historiarealbetis\/files\/2023\/04\/El-Betis-infantil.-Temporada-1973-74.jpg?resize=220%2C127&amp;ssl=1 220w, https:\/\/i0.wp.com\/www.manquepierda.com\/historiarealbetis\/files\/2023\/04\/El-Betis-infantil.-Temporada-1973-74.jpg?resize=768%2C442&amp;ssl=1 768w, https:\/\/i0.wp.com\/www.manquepierda.com\/historiarealbetis\/files\/2023\/04\/El-Betis-infantil.-Temporada-1973-74.jpg?resize=400%2C230&amp;ssl=1 400w\" sizes=\"auto, (max-width: 889px) 100vw, 889px\" \/><\/figure>\n<\/div>\n\n<p><\/p>\n<p>Imagen de la plantilla del equipo infantil del Real Betis Balompi\u00e9 en la temporada 1974-75.<\/p>\n<p>Dirigido por el t\u00e9cnico Germ\u00e1n Vaya \u00abMani\u00bb este equipo se proclam\u00f3 brillantemente campe\u00f3n de la liga local de Sevilla, con 18 victorias en 18 partidos, 82 goles a favor y s\u00f3lo 3 en contra. En la fase provincial qued\u00f3 subcampe\u00f3n, con 4 victorias, 1 empate y 1 derrota, 15 goles a favor y 5 en contra. En la fase regional consigui\u00f3 la clasificaci\u00f3n para la fase final nacional, a disputar en Alicante frente a Real Madrid, H\u00e9rcules y Barcelona por sistema de liguilla, quedando subcampe\u00f3n nacional tras el FC Barcelona por goal average. Carre\u00f1o fue proclamado mejor jugador del torneo.<\/p>\n<p>La plantilla de jugadores estaba integrada por Aguilera, Roales, Pepe, Amador, Cano, Petit, Segovia, Rivera, Fern\u00e1ndez, Carre\u00f1o, Carrasco, Pedrito, Parra, Aguilar, Malaver, Romero, Algaba, Rodr\u00edguez, Del Pino, Eugenio y Rosado.&nbsp;&nbsp;<\/p>\n<p><\/p>","protected":false},"excerpt":{"rendered":"<p>Imagen de la plantilla del equipo infantil del Real Betis Balompi\u00e9 en la temporada 1974-75. Dirigido por el t\u00e9cnico Germ\u00e1n Vaya \u00abMani\u00bb este equipo se proclam\u00f3 brillantemente campe\u00f3n de la liga local de Sevilla, con 18 victorias en 18 partidos, 82 goles a favor y s\u00f3lo 3 en contra. En la fase provincial qued\u00f3 subcampe\u00f3n,&#8230;<\/p>\n","protected":false},"author":5,"featured_media":88659,"comment_status":"open","ping_status":"open","sticky":false,"template":"","format":"standard","meta":{"_kad_post_transparent":"","_kad_post_title":"","_kad_post_layout":"","_kad_post_sidebar_id":"","_kad_post_content_style":"","_kad_post_vertical_padding":"","_kad_post_feature":"","_kad_post_feature_position":"","_kad_post_header":false,"_kad_post_footer":false,"_kad_post_classname":"","_jetpack_memberships_contains_paid_content":false,"footnotes":"","jetpack_publicize_message":"","jetpack_publicize_feature_enabled":true,"jetpack_social_post_already_shared":false,"jetpack_social_options":{"image_generator_settings":{"template":"highway","default_image_id":0,"font":"","enabled":false},"version":2}},"categories":[903,17191,1],"tags":[2507,12383,4544],"class_list":["post-88658","post","type-post","status-publish","format-standard","has-post-thumbnail","hentry","category-1970-1979","category-cantera","category-portada","tag-1974-75","tag-betis-infantil","tag-german-vaya-mani"],"jetpack_publicize_connections":[],"jetpack_featured_media_url":"https:\/\/i0.wp.com\/www.manquepierda.com\/historiarealbetis\/files\/2023\/04\/El-Betis-infantil.-Temporada-1973-74.jpg?fit=889%2C512&ssl=1","jetpack_sharing_enabled":true,"jetpack_shortlink":"https:\/\/wp.me\/p1ij08-n3Y","jetpack-related-posts":[],"_links":{"self":[{"href":"https:\/\/www.manquepierda.com\/historiarealbetis\/wp-json\/wp\/v2\/posts\/88658","targetHints":{"allow":["GET"]}}],"collection":[{"href":"https:\/\/www.manquepierda.com\/historiarealbetis\/wp-json\/wp\/v2\/posts"}],"about":[{"href":"https:\/\/www.manquepierda.com\/historiarealbetis\/wp-json\/wp\/v2\/types\/post"}],"author":[{"embeddable":true,"href":"https:\/\/www.manquepierda.com\/historiarealbetis\/wp-json\/wp\/v2\/users\/5"}],"replies":[{"embeddable":true,"href":"https:\/\/www.manquepierda.com\/historiarealbetis\/wp-json\/wp\/v2\/comments?post=88658"}],"version-history":[{"count":2,"href":"https:\/\/www.manquepierda.com\/historiarealbetis\/wp-json\/wp\/v2\/posts\/88658\/revisions"}],"predecessor-version":[{"id":88661,"href":"https:\/\/www.manquepierda.com\/historiarealbetis\/wp-json\/wp\/v2\/posts\/88658\/revisions\/88661"}],"wp:featuredmedia":[{"embeddable":true,"href":"https:\/\/www.manquepierda.com\/historiarealbetis\/wp-json\/wp\/v2\/media\/88659"}],"wp:attachment":[{"href":"https:\/\/www.manquepierda.com\/historiarealbetis\/wp-json\/wp\/v2\/media?parent=88658"}],"wp:term":[{"taxonomy":"category","embeddable":true,"href":"https:\/\/www.manquepierda.com\/historiarealbetis\/wp-json\/wp\/v2\/categories?post=88658"},{"taxonomy":"post_tag","embeddable":true,"href":"https:\/\/www.manquepierda.com\/historiarealbetis\/wp-json\/wp\/v2\/tags?post=88658"}],"curies":[{"name":"wp","href":"https:\/\/api.w.org\/{rel}","templated":true}]}}