{"id":88738,"date":"2023-04-24T09:40:00","date_gmt":"2023-04-24T07:40:00","guid":{"rendered":"https:\/\/www.manquepierda.com\/historiarealbetis\/?p=88738"},"modified":"2024-08-20T08:39:38","modified_gmt":"2024-08-20T06:39:38","slug":"alineacion-betis-real-sociedad-liga-2011","status":"publish","type":"post","link":"https:\/\/www.manquepierda.com\/historiarealbetis\/alineacion-betis-real-sociedad-liga-2011\/","title":{"rendered":"Alineaci\u00f3n Betis-Real Sociedad Liga 2011."},"content":{"rendered":"<div class=\"wp-block-image\">\n<figure class=\"aligncenter size-full\"><img data-recalc-dims=\"1\" loading=\"lazy\" decoding=\"async\" width=\"789\" height=\"591\" src=\"https:\/\/i0.wp.com\/www.manquepierda.com\/historiarealbetis\/files\/2023\/04\/Alineacion-Betis-Real-Sociedad-Liga-2011.jpg?resize=789%2C591&#038;ssl=1\" alt=\"\" class=\"wp-image-88739\" srcset=\"https:\/\/i0.wp.com\/www.manquepierda.com\/historiarealbetis\/files\/2023\/04\/Alineacion-Betis-Real-Sociedad-Liga-2011.jpg?w=789&amp;ssl=1 789w, https:\/\/i0.wp.com\/www.manquepierda.com\/historiarealbetis\/files\/2023\/04\/Alineacion-Betis-Real-Sociedad-Liga-2011.jpg?resize=680%2C509&amp;ssl=1 680w, https:\/\/i0.wp.com\/www.manquepierda.com\/historiarealbetis\/files\/2023\/04\/Alineacion-Betis-Real-Sociedad-Liga-2011.jpg?resize=220%2C165&amp;ssl=1 220w, https:\/\/i0.wp.com\/www.manquepierda.com\/historiarealbetis\/files\/2023\/04\/Alineacion-Betis-Real-Sociedad-Liga-2011.jpg?resize=768%2C575&amp;ssl=1 768w\" sizes=\"auto, (max-width: 789px) 100vw, 789px\" \/><\/figure>\n<\/div>\n\n<p><\/p>\n<p>27 de noviembre de 2011 en el Villamar\u00edn Betis 2 Real Sociedad 3; jornada 14 del Campeonato de Liga de Primera Divisi\u00f3n.<\/p>\n<p>En la imagen arriba Rub\u00e9n Castro, Salva Sevilla, Be\u00f1at, Santa Cruz, Dorado y Casto; abajo Iriney, Nacho, Chica, Ustaritz y Pozuelo.<\/p>\n<p>Un disputado partido con goles en la segunda parte, con el equipo realista ganando 0-2 en el minuto 75, una reacci\u00f3n b\u00e9tica que llev\u00f3 al empate con tantos de Pereira en el 80 y el 85, pero que I\u00f1igo Mart\u00ednez desequilibr\u00f3 con un gol en el 92.<\/p>\n<p>Pepe Mel entrenaba al Betis y Philippe Montanier a la Real Sociedad.&nbsp;&nbsp;<\/p>","protected":false},"excerpt":{"rendered":"<p>27 de noviembre de 2011 en el Villamar\u00edn Betis 2 Real Sociedad 3; jornada 14 del Campeonato de Liga de Primera Divisi\u00f3n. En la imagen arriba Rub\u00e9n Castro, Salva Sevilla, Be\u00f1at, Santa Cruz, Dorado y Casto; abajo Iriney, Nacho, Chica, Ustaritz y Pozuelo. Un disputado partido con goles en la segunda parte, con el equipo&#8230;<\/p>\n","protected":false},"author":5,"featured_media":88739,"comment_status":"open","ping_status":"open","sticky":false,"template":"","format":"standard","meta":{"_kad_post_transparent":"","_kad_post_title":"","_kad_post_layout":"","_kad_post_sidebar_id":"","_kad_post_content_style":"","_kad_post_vertical_padding":"","_kad_post_feature":"","_kad_post_feature_position":"","_kad_post_header":false,"_kad_post_footer":false,"_kad_post_classname":"","_jetpack_memberships_contains_paid_content":false,"footnotes":"","jetpack_publicize_message":"","jetpack_publicize_feature_enabled":true,"jetpack_social_post_already_shared":false,"jetpack_social_options":{"image_generator_settings":{"template":"highway","default_image_id":0,"font":"","enabled":false},"version":2}},"categories":[15447,1],"tags":[16923,16978,13595,144,10995,1487,1053,3890,2245,17935,15912,13759,748,1012,4404],"class_list":["post-88738","post","type-post","status-publish","format-standard","has-post-thumbnail","hentry","category-2010-2019","category-portada","tag-16923","tag-2011-12","tag-alejandro-pozuelo","tag-benat-etxebarria","tag-casto-espinosa","tag-ignacio-perez-nacho","tag-iriney-santos","tag-javier-chica","tag-jose-antonio-dorado","tag-liga-primera-2011-12","tag-real-sociedad-de-futbol","tag-roque-santa-cruz","tag-ruben-castro","tag-salva-sevilla","tag-ustaritz-aldekoatalora"],"jetpack_publicize_connections":[],"jetpack_featured_media_url":"https:\/\/i0.wp.com\/www.manquepierda.com\/historiarealbetis\/files\/2023\/04\/Alineacion-Betis-Real-Sociedad-Liga-2011.jpg?fit=789%2C591&ssl=1","jetpack_sharing_enabled":true,"jetpack_shortlink":"https:\/\/wp.me\/p1ij08-n5g","jetpack-related-posts":[],"_links":{"self":[{"href":"https:\/\/www.manquepierda.com\/historiarealbetis\/wp-json\/wp\/v2\/posts\/88738","targetHints":{"allow":["GET"]}}],"collection":[{"href":"https:\/\/www.manquepierda.com\/historiarealbetis\/wp-json\/wp\/v2\/posts"}],"about":[{"href":"https:\/\/www.manquepierda.com\/historiarealbetis\/wp-json\/wp\/v2\/types\/post"}],"author":[{"embeddable":true,"href":"https:\/\/www.manquepierda.com\/historiarealbetis\/wp-json\/wp\/v2\/users\/5"}],"replies":[{"embeddable":true,"href":"https:\/\/www.manquepierda.com\/historiarealbetis\/wp-json\/wp\/v2\/comments?post=88738"}],"version-history":[{"count":2,"href":"https:\/\/www.manquepierda.com\/historiarealbetis\/wp-json\/wp\/v2\/posts\/88738\/revisions"}],"predecessor-version":[{"id":88742,"href":"https:\/\/www.manquepierda.com\/historiarealbetis\/wp-json\/wp\/v2\/posts\/88738\/revisions\/88742"}],"wp:featuredmedia":[{"embeddable":true,"href":"https:\/\/www.manquepierda.com\/historiarealbetis\/wp-json\/wp\/v2\/media\/88739"}],"wp:attachment":[{"href":"https:\/\/www.manquepierda.com\/historiarealbetis\/wp-json\/wp\/v2\/media?parent=88738"}],"wp:term":[{"taxonomy":"category","embeddable":true,"href":"https:\/\/www.manquepierda.com\/historiarealbetis\/wp-json\/wp\/v2\/categories?post=88738"},{"taxonomy":"post_tag","embeddable":true,"href":"https:\/\/www.manquepierda.com\/historiarealbetis\/wp-json\/wp\/v2\/tags?post=88738"}],"curies":[{"name":"wp","href":"https:\/\/api.w.org\/{rel}","templated":true}]}}