{"id":88803,"date":"2023-05-04T12:00:00","date_gmt":"2023-05-04T10:00:00","guid":{"rendered":"https:\/\/www.manquepierda.com\/historiarealbetis\/?p=88803"},"modified":"2024-09-11T21:40:09","modified_gmt":"2024-09-11T19:40:09","slug":"hoy-hace-55-anos-fallece-jose-fernandez-zuniga","status":"publish","type":"post","link":"https:\/\/www.manquepierda.com\/historiarealbetis\/hoy-hace-55-anos-fallece-jose-fernandez-zuniga\/","title":{"rendered":"Hoy hace 55 a\u00f1os. Fallece Jos\u00e9 Fern\u00e1ndez de Z\u00fa\u00f1iga."},"content":{"rendered":"<div class=\"wp-block-image\">\n<figure class=\"aligncenter size-full is-resized\"><img data-recalc-dims=\"1\" loading=\"lazy\" decoding=\"async\" width=\"197\" height=\"295\" src=\"https:\/\/i0.wp.com\/www.manquepierda.com\/historiarealbetis\/files\/2023\/04\/4-1968-Fallece-Jose-Fernandez-Zuniga.jpg?resize=197%2C295&#038;ssl=1\" alt=\"\" class=\"wp-image-88804\" style=\"width:417px;height:624px\" srcset=\"https:\/\/i0.wp.com\/www.manquepierda.com\/historiarealbetis\/files\/2023\/04\/4-1968-Fallece-Jose-Fernandez-Zuniga.jpg?w=197&amp;ssl=1 197w, https:\/\/i0.wp.com\/www.manquepierda.com\/historiarealbetis\/files\/2023\/04\/4-1968-Fallece-Jose-Fernandez-Zuniga.jpg?resize=147%2C220&amp;ssl=1 147w\" sizes=\"auto, (max-width: 197px) 100vw, 197px\" \/><\/figure>\n<\/div>\n\n<p><span style=\"color: #008000\">El 4 de mayo de 1968 fallece en Sevilla a los 77 a\u00f1os de edad Jos\u00e9 Fern\u00e1ndez de Z\u00fa\u00f1iga, quien fuera portero del Sevilla Balompi\u00e9 y del Real Betis Balompi\u00e9 entre 1909 y 1917, conocido con el sobrenombre de \u201cAgon\u00eda\u201d.<\/span><\/p>\n<p><span style=\"color: #008000\">Simultane\u00f3 el puesto de jugador tambi\u00e9n con el puesto de vocal en la directiva balompedista en la temporada 1910-11. Posteriormente fue directivo b\u00e9tico en dos etapas: entre los a\u00f1os 1923 a 1925 y en la temporada 1946-47.<\/span><\/p>","protected":false},"excerpt":{"rendered":"<p>El 4 de mayo de 1968 fallece en Sevilla a los 77 a\u00f1os de edad Jos\u00e9 Fern\u00e1ndez de Z\u00fa\u00f1iga, quien fuera portero del Sevilla Balompi\u00e9 y del Real Betis Balompi\u00e9 entre 1909 y 1917, conocido con el sobrenombre de \u201cAgon\u00eda\u201d. Simultane\u00f3 el puesto de jugador tambi\u00e9n con el puesto de vocal en la directiva balompedista&#8230;<\/p>\n","protected":false},"author":5,"featured_media":88804,"comment_status":"open","ping_status":"open","sticky":false,"template":"","format":"standard","meta":{"_kad_post_transparent":"","_kad_post_title":"","_kad_post_layout":"","_kad_post_sidebar_id":"","_kad_post_content_style":"","_kad_post_vertical_padding":"","_kad_post_feature":"","_kad_post_feature_position":"","_kad_post_header":false,"_kad_post_footer":false,"_kad_post_classname":"","_jetpack_memberships_contains_paid_content":false,"footnotes":"","jetpack_publicize_message":"","jetpack_publicize_feature_enabled":true,"jetpack_social_post_already_shared":true,"jetpack_social_options":{"image_generator_settings":{"template":"highway","default_image_id":0,"font":"","enabled":false},"version":2}},"categories":[902,14583,1],"tags":[1849],"class_list":["post-88803","post","type-post","status-publish","format-standard","has-post-thumbnail","hentry","category-1960-1969","category-efemerides","category-portada","tag-jose-fernandez-de-zuniga"],"jetpack_publicize_connections":[],"jetpack_featured_media_url":"https:\/\/i0.wp.com\/www.manquepierda.com\/historiarealbetis\/files\/2023\/04\/4-1968-Fallece-Jose-Fernandez-Zuniga.jpg?fit=197%2C295&ssl=1","jetpack_sharing_enabled":true,"jetpack_shortlink":"https:\/\/wp.me\/p1ij08-n6j","jetpack-related-posts":[],"_links":{"self":[{"href":"https:\/\/www.manquepierda.com\/historiarealbetis\/wp-json\/wp\/v2\/posts\/88803","targetHints":{"allow":["GET"]}}],"collection":[{"href":"https:\/\/www.manquepierda.com\/historiarealbetis\/wp-json\/wp\/v2\/posts"}],"about":[{"href":"https:\/\/www.manquepierda.com\/historiarealbetis\/wp-json\/wp\/v2\/types\/post"}],"author":[{"embeddable":true,"href":"https:\/\/www.manquepierda.com\/historiarealbetis\/wp-json\/wp\/v2\/users\/5"}],"replies":[{"embeddable":true,"href":"https:\/\/www.manquepierda.com\/historiarealbetis\/wp-json\/wp\/v2\/comments?post=88803"}],"version-history":[{"count":4,"href":"https:\/\/www.manquepierda.com\/historiarealbetis\/wp-json\/wp\/v2\/posts\/88803\/revisions"}],"predecessor-version":[{"id":99125,"href":"https:\/\/www.manquepierda.com\/historiarealbetis\/wp-json\/wp\/v2\/posts\/88803\/revisions\/99125"}],"wp:featuredmedia":[{"embeddable":true,"href":"https:\/\/www.manquepierda.com\/historiarealbetis\/wp-json\/wp\/v2\/media\/88804"}],"wp:attachment":[{"href":"https:\/\/www.manquepierda.com\/historiarealbetis\/wp-json\/wp\/v2\/media?parent=88803"}],"wp:term":[{"taxonomy":"category","embeddable":true,"href":"https:\/\/www.manquepierda.com\/historiarealbetis\/wp-json\/wp\/v2\/categories?post=88803"},{"taxonomy":"post_tag","embeddable":true,"href":"https:\/\/www.manquepierda.com\/historiarealbetis\/wp-json\/wp\/v2\/tags?post=88803"}],"curies":[{"name":"wp","href":"https:\/\/api.w.org\/{rel}","templated":true}]}}