{"id":88831,"date":"2023-05-02T09:56:00","date_gmt":"2023-05-02T07:56:00","guid":{"rendered":"https:\/\/www.manquepierda.com\/historiarealbetis\/?p=88831"},"modified":"2023-04-29T18:10:12","modified_gmt":"2023-04-29T16:10:12","slug":"presentacion-del-betis-deportivo-1976","status":"publish","type":"post","link":"https:\/\/www.manquepierda.com\/historiarealbetis\/presentacion-del-betis-deportivo-1976\/","title":{"rendered":"Presentaci\u00f3n del Betis Deportivo 1976"},"content":{"rendered":"<div class=\"wp-block-image\">\n<figure class=\"aligncenter size-full\"><img data-recalc-dims=\"1\" loading=\"lazy\" decoding=\"async\" width=\"638\" height=\"378\" src=\"https:\/\/i0.wp.com\/www.manquepierda.com\/historiarealbetis\/files\/2023\/04\/Presentacion-del-Betis-Deportivo-1976-NMP-Nueva-Andalucia-05-08-1976.jpg?resize=638%2C378&#038;ssl=1\" alt=\"\" class=\"wp-image-88832\" srcset=\"https:\/\/i0.wp.com\/www.manquepierda.com\/historiarealbetis\/files\/2023\/04\/Presentacion-del-Betis-Deportivo-1976-NMP-Nueva-Andalucia-05-08-1976.jpg?w=638&amp;ssl=1 638w, https:\/\/i0.wp.com\/www.manquepierda.com\/historiarealbetis\/files\/2023\/04\/Presentacion-del-Betis-Deportivo-1976-NMP-Nueva-Andalucia-05-08-1976.jpg?resize=220%2C130&amp;ssl=1 220w\" sizes=\"auto, (max-width: 638px) 100vw, 638px\" \/><\/figure>\n<\/div>\n\n<p><\/p>\n<p>El 4 de agosto de 1976 se presenta la plantilla del Betis Deportivo en el estadio Benito Villamar\u00edn, en una sesi\u00f3n vespertina a la que acudieron un total de 42 jugadores adem\u00e1s de los t\u00e9cnicos Esteban Areta y Pedro Buenaventura.&nbsp;<\/p>\n<p>Fue el vicepresidente del filial verdiblanco, Ventura Castell\u00f3, quien se dirigi\u00f3 a los presentes, d\u00e1ndoles la bienvenida y resaltando la actuaci\u00f3n de la temporada pasada en la que el filial hab\u00eda recuperado la categor\u00eda en la Tercera Divisi\u00f3n tras 4 a\u00f1os en Primera Regional. Pidi\u00f3 la m\u00e1xima colaboraci\u00f3n de todos, resaltando que el m\u00e1ximo objetivo de cada uno de ellos era alcanzar la inclusi\u00f3n en el primer equipo del Real Betis Balompi\u00e9.<\/p>\n<p>Despu\u00e9s fue el m\u00edster Esteban Areta el que se dirigi\u00f3 a la plantilla, comentando que por la ausencia del t\u00e9cnico del primer equipo, Ferenc Szusza, se ten\u00eda que encargar de la preparaci\u00f3n de la primera plantilla, con lo que ser\u00eda Pedro Buenaventura, entrenador de los juveniles, quien dirigiese al filial hasta el regreso del t\u00e9cnico h\u00fangaro.&nbsp;<\/p>\n<p>La intervenci\u00f3n de Pedro Buenaventura fue para dar la bienvenida al grupo y para indicar que las sesiones de entrenamiento se realizar\u00edan todas las tardes en el campo del Puerto.&nbsp;<\/p>\n<p>Terminado el acto se ofreci\u00f3 un agasajo, entreg\u00e1ndose la insignia de oro del club a todos los que participaron en el ascenso la campa\u00f1a anterior. En la imagen podemos ver al presidente del Betis Deportivo Balompi\u00e9 Ram\u00f3n Bordas entregando la insignia al jugador Jos\u00e9 Antonio Corrales.&nbsp;&nbsp;<\/p>","protected":false},"excerpt":{"rendered":"<p>El 4 de agosto de 1976 se presenta la plantilla del Betis Deportivo en el estadio Benito Villamar\u00edn, en una sesi\u00f3n vespertina a la que acudieron un total de 42 jugadores adem\u00e1s de los t\u00e9cnicos Esteban Areta y Pedro Buenaventura.&nbsp; Fue el vicepresidente del filial verdiblanco, Ventura Castell\u00f3, quien se dirigi\u00f3 a los presentes, d\u00e1ndoles&#8230;<\/p>\n","protected":false},"author":5,"featured_media":88832,"comment_status":"open","ping_status":"open","sticky":false,"template":"","format":"standard","meta":{"_kad_post_transparent":"","_kad_post_title":"","_kad_post_layout":"","_kad_post_sidebar_id":"","_kad_post_content_style":"","_kad_post_vertical_padding":"","_kad_post_feature":"","_kad_post_feature_position":"","_kad_post_header":false,"_kad_post_footer":false,"_kad_post_classname":"","_jetpack_memberships_contains_paid_content":false,"footnotes":"","jetpack_publicize_message":"","jetpack_publicize_feature_enabled":true,"jetpack_social_post_already_shared":false,"jetpack_social_options":{"image_generator_settings":{"template":"highway","default_image_id":0,"font":"","enabled":false},"version":2}},"categories":[903,17191,1],"tags":[1556,2238,3355,1631,1964],"class_list":["post-88831","post","type-post","status-publish","format-standard","has-post-thumbnail","hentry","category-1970-1979","category-cantera","category-portada","tag-1556","tag-1976-77","tag-betis-deportivo-balompie","tag-jose-antonio-corrales","tag-ramon-bordas-marrodan"],"jetpack_publicize_connections":[],"jetpack_featured_media_url":"https:\/\/i0.wp.com\/www.manquepierda.com\/historiarealbetis\/files\/2023\/04\/Presentacion-del-Betis-Deportivo-1976-NMP-Nueva-Andalucia-05-08-1976.jpg?fit=638%2C378&ssl=1","jetpack_sharing_enabled":true,"jetpack_shortlink":"https:\/\/wp.me\/p1ij08-n6L","jetpack-related-posts":[],"_links":{"self":[{"href":"https:\/\/www.manquepierda.com\/historiarealbetis\/wp-json\/wp\/v2\/posts\/88831","targetHints":{"allow":["GET"]}}],"collection":[{"href":"https:\/\/www.manquepierda.com\/historiarealbetis\/wp-json\/wp\/v2\/posts"}],"about":[{"href":"https:\/\/www.manquepierda.com\/historiarealbetis\/wp-json\/wp\/v2\/types\/post"}],"author":[{"embeddable":true,"href":"https:\/\/www.manquepierda.com\/historiarealbetis\/wp-json\/wp\/v2\/users\/5"}],"replies":[{"embeddable":true,"href":"https:\/\/www.manquepierda.com\/historiarealbetis\/wp-json\/wp\/v2\/comments?post=88831"}],"version-history":[{"count":3,"href":"https:\/\/www.manquepierda.com\/historiarealbetis\/wp-json\/wp\/v2\/posts\/88831\/revisions"}],"predecessor-version":[{"id":88835,"href":"https:\/\/www.manquepierda.com\/historiarealbetis\/wp-json\/wp\/v2\/posts\/88831\/revisions\/88835"}],"wp:featuredmedia":[{"embeddable":true,"href":"https:\/\/www.manquepierda.com\/historiarealbetis\/wp-json\/wp\/v2\/media\/88832"}],"wp:attachment":[{"href":"https:\/\/www.manquepierda.com\/historiarealbetis\/wp-json\/wp\/v2\/media?parent=88831"}],"wp:term":[{"taxonomy":"category","embeddable":true,"href":"https:\/\/www.manquepierda.com\/historiarealbetis\/wp-json\/wp\/v2\/categories?post=88831"},{"taxonomy":"post_tag","embeddable":true,"href":"https:\/\/www.manquepierda.com\/historiarealbetis\/wp-json\/wp\/v2\/tags?post=88831"}],"curies":[{"name":"wp","href":"https:\/\/api.w.org\/{rel}","templated":true}]}}