{"id":88908,"date":"2023-05-09T09:43:00","date_gmt":"2023-05-09T07:43:00","guid":{"rendered":"https:\/\/www.manquepierda.com\/historiarealbetis\/?p=88908"},"modified":"2024-09-09T19:06:31","modified_gmt":"2024-09-09T17:06:31","slug":"entrenamientos-1980","status":"publish","type":"post","link":"https:\/\/www.manquepierda.com\/historiarealbetis\/entrenamientos-1980\/","title":{"rendered":"Entrenamientos 1980"},"content":{"rendered":"<div class=\"wp-block-image\">\n<figure class=\"aligncenter size-large\"><img data-recalc-dims=\"1\" loading=\"lazy\" decoding=\"async\" width=\"960\" height=\"360\" src=\"https:\/\/i0.wp.com\/www.manquepierda.com\/historiarealbetis\/files\/2023\/05\/Plantilla-temporada-1979-80-Don-Balon-no-229.jpg?resize=960%2C360&#038;ssl=1\" alt=\"\" class=\"wp-image-88909\" srcset=\"https:\/\/i0.wp.com\/www.manquepierda.com\/historiarealbetis\/files\/2023\/05\/Plantilla-temporada-1979-80-Don-Balon-no-229.jpg?resize=960%2C360&amp;ssl=1 960w, https:\/\/i0.wp.com\/www.manquepierda.com\/historiarealbetis\/files\/2023\/05\/Plantilla-temporada-1979-80-Don-Balon-no-229.jpg?resize=680%2C255&amp;ssl=1 680w, https:\/\/i0.wp.com\/www.manquepierda.com\/historiarealbetis\/files\/2023\/05\/Plantilla-temporada-1979-80-Don-Balon-no-229.jpg?resize=220%2C82&amp;ssl=1 220w, https:\/\/i0.wp.com\/www.manquepierda.com\/historiarealbetis\/files\/2023\/05\/Plantilla-temporada-1979-80-Don-Balon-no-229.jpg?resize=768%2C288&amp;ssl=1 768w, https:\/\/i0.wp.com\/www.manquepierda.com\/historiarealbetis\/files\/2023\/05\/Plantilla-temporada-1979-80-Don-Balon-no-229.jpg?w=1214&amp;ssl=1 1214w\" sizes=\"auto, (max-width: 960px) 100vw, 960px\" \/><\/figure>\n<\/div>\n\n<p><\/p>\n<p>20 de febrero de 1980. Entrenamiento de la plantilla del Real Betis Balompi\u00e9 en los terrenos deportivos de la Universidad Laboral.<\/p>\n<p>En la imagen el preparador f\u00edsico Chema Ca\u00f1izares, Bizcocho, Salva, Gordillo, Biosca, Richard, Ben\u00edtez, Pozo, Tello, Mor\u00e1n, Alabanda, Campos, Villalba, Gerardo, Francis, Peruena, Ortega, Hugo Cabezas, Vital, Esnaola, Alex, L\u00f3pez, Carde\u00f1osa y Rogelio. Delante del grupo el entrenador Luis Cid Carriega.<\/p>\n<p>D\u00eda lluvioso, terreno encharcado y preparaci\u00f3n del doble compromiso que esperaba a los b\u00e9ticos en el Villamar\u00edn: el s\u00e1bado 23 encuentro de Liga contra el Espanyol, y el mi\u00e9rcoles 27 de Copa contra el Almer\u00eda. Para preservar el terreno de juego del Villamar\u00edn, y ante la falta de una ciudad deportiva, el equipo sol\u00eda entrenar en campos como el de la Universidad Laboral o Los Palacios.&nbsp; &nbsp;<\/p>","protected":false},"excerpt":{"rendered":"<p>20 de febrero de 1980. Entrenamiento de la plantilla del Real Betis Balompi\u00e9 en los terrenos deportivos de la Universidad Laboral. En la imagen el preparador f\u00edsico Chema Ca\u00f1izares, Bizcocho, Salva, Gordillo, Biosca, Richard, Ben\u00edtez, Pozo, Tello, Mor\u00e1n, Alabanda, Campos, Villalba, Gerardo, Francis, Peruena, Ortega, Hugo Cabezas, Vital, Esnaola, Alex, L\u00f3pez, Carde\u00f1osa y Rogelio. Delante&#8230;<\/p>\n","protected":false},"author":5,"featured_media":88909,"comment_status":"open","ping_status":"open","sticky":false,"template":"","format":"standard","meta":{"_kad_post_transparent":"","_kad_post_title":"","_kad_post_layout":"","_kad_post_sidebar_id":"","_kad_post_content_style":"","_kad_post_vertical_padding":"","_kad_post_feature":"","_kad_post_feature_position":"","_kad_post_header":false,"_kad_post_footer":false,"_kad_post_classname":"","_jetpack_memberships_contains_paid_content":false,"footnotes":"","jetpack_publicize_message":"","jetpack_publicize_feature_enabled":true,"jetpack_social_post_already_shared":true,"jetpack_social_options":{"image_generator_settings":{"template":"highway","default_image_id":0,"font":"","enabled":false},"version":2}},"categories":[904,1],"tags":[2641,1093,13196,1422,1120,1157,1469,1446,340,1245,1461,16879,1462,940,1178,1471,3949,1302,1504,1155,1391,1303,4123,1305,1372,1396,1485,1164],"class_list":["post-88908","post","type-post","status-publish","format-standard","has-post-thumbnail","hentry","category-1980-1989","category-portada","tag-1979-80","tag-1093","tag-al-lal-mohand-alex","tag-antolin-ortega","tag-antonio-benitez","tag-antonio-biosca","tag-carlos-peruena","tag-enrique-moran","tag-entrenamientos","tag-francisco-bizcocho","tag-francisco-garcia-francis","tag-francisco-vital","tag-gerardo-castillo","tag-hugo-cabezas","tag-javier-lopez","tag-jose-carlos-fernandez-tello","tag-jose-maria-canizares-chema","tag-jose-ramon-esnaola","tag-juan-pozo","tag-julio-cardenosa","tag-luis-carriega","tag-manuel-campos","tag-manuel-villalba","tag-rafael-gordillo","tag-ricardo-gomez-richard","tag-rogelio-sosa","tag-salvador-navarro-salva","tag-sebastian-alabanda"],"jetpack_publicize_connections":[],"jetpack_featured_media_url":"https:\/\/i0.wp.com\/www.manquepierda.com\/historiarealbetis\/files\/2023\/05\/Plantilla-temporada-1979-80-Don-Balon-no-229.jpg?fit=1214%2C455&ssl=1","jetpack_sharing_enabled":true,"jetpack_shortlink":"https:\/\/wp.me\/p1ij08-n80","jetpack-related-posts":[],"_links":{"self":[{"href":"https:\/\/www.manquepierda.com\/historiarealbetis\/wp-json\/wp\/v2\/posts\/88908","targetHints":{"allow":["GET"]}}],"collection":[{"href":"https:\/\/www.manquepierda.com\/historiarealbetis\/wp-json\/wp\/v2\/posts"}],"about":[{"href":"https:\/\/www.manquepierda.com\/historiarealbetis\/wp-json\/wp\/v2\/types\/post"}],"author":[{"embeddable":true,"href":"https:\/\/www.manquepierda.com\/historiarealbetis\/wp-json\/wp\/v2\/users\/5"}],"replies":[{"embeddable":true,"href":"https:\/\/www.manquepierda.com\/historiarealbetis\/wp-json\/wp\/v2\/comments?post=88908"}],"version-history":[{"count":3,"href":"https:\/\/www.manquepierda.com\/historiarealbetis\/wp-json\/wp\/v2\/posts\/88908\/revisions"}],"predecessor-version":[{"id":88913,"href":"https:\/\/www.manquepierda.com\/historiarealbetis\/wp-json\/wp\/v2\/posts\/88908\/revisions\/88913"}],"wp:featuredmedia":[{"embeddable":true,"href":"https:\/\/www.manquepierda.com\/historiarealbetis\/wp-json\/wp\/v2\/media\/88909"}],"wp:attachment":[{"href":"https:\/\/www.manquepierda.com\/historiarealbetis\/wp-json\/wp\/v2\/media?parent=88908"}],"wp:term":[{"taxonomy":"category","embeddable":true,"href":"https:\/\/www.manquepierda.com\/historiarealbetis\/wp-json\/wp\/v2\/categories?post=88908"},{"taxonomy":"post_tag","embeddable":true,"href":"https:\/\/www.manquepierda.com\/historiarealbetis\/wp-json\/wp\/v2\/tags?post=88908"}],"curies":[{"name":"wp","href":"https:\/\/api.w.org\/{rel}","templated":true}]}}