{"id":89018,"date":"2023-05-20T12:00:00","date_gmt":"2023-05-20T10:00:00","guid":{"rendered":"https:\/\/www.manquepierda.com\/historiarealbetis\/?p=89018"},"modified":"2024-08-12T19:18:12","modified_gmt":"2024-08-12T17:18:12","slug":"hoy-hace-50-anos-castellon-3-betis-1-y-descenso-a-segunda-division","status":"publish","type":"post","link":"https:\/\/www.manquepierda.com\/historiarealbetis\/hoy-hace-50-anos-castellon-3-betis-1-y-descenso-a-segunda-division\/","title":{"rendered":"Hoy hace 50 a\u00f1os. Castell\u00f3n 3 Betis 1 y descenso a Segunda Divisi\u00f3n."},"content":{"rendered":"<div class=\"wp-block-image\">\n<figure class=\"aligncenter size-full\"><img data-recalc-dims=\"1\" loading=\"lazy\" decoding=\"async\" width=\"364\" height=\"332\" src=\"https:\/\/i0.wp.com\/www.manquepierda.com\/historiarealbetis\/files\/2023\/05\/20-1973-Castellon-3-Betis-1-y-descenso-imagen.jpg?resize=364%2C332&#038;ssl=1\" alt=\"\" class=\"wp-image-89019\" srcset=\"https:\/\/i0.wp.com\/www.manquepierda.com\/historiarealbetis\/files\/2023\/05\/20-1973-Castellon-3-Betis-1-y-descenso-imagen.jpg?w=364&amp;ssl=1 364w, https:\/\/i0.wp.com\/www.manquepierda.com\/historiarealbetis\/files\/2023\/05\/20-1973-Castellon-3-Betis-1-y-descenso-imagen.jpg?resize=220%2C201&amp;ssl=1 220w\" sizes=\"auto, (max-width: 364px) 100vw, 364px\" \/><\/figure>\n<\/div>\n\n<p><\/p>\n<p><span style=\"color: #008000\">El 20 de mayo de 1973 en Castalia el Castell\u00f3n derrota 3-1 al Betis en partido de la jornada 34 y \u00faltima del Campeonato de Liga de Primera Divisi\u00f3n.<\/span><\/p>\n<p><span style=\"color: #008000\">Un resultado que conllevaba el descenso a Segunda Divisi\u00f3n del equipo verdiblanco que, en un partido en el que necesitaba al menos el empate, dio una p\u00e9sima impresi\u00f3n.<\/span><\/p>\n<p><span style=\"color: #008000\">Del Bosque, Clares y Ortu\u00f1o marcaron los tantos locales, todos en la segunda parte, haciendo Del Pozo el gol b\u00e9tico.<\/span><\/p>\n<p><span style=\"color: #008000\">El Castell\u00f3n, dirigido por Lucian Muller, form\u00f3 con Corral; Freire, Cela, Cayuela,<\/span> <span style=\"color: #008000\">Figueirido; Del Bosque, \u00d3scar, Planelles; Ton\u00edn (87, Leandro), Clares (59, Ortu\u00f1o) y F\u00e9lix.<\/span><\/p>\n<p><span style=\"color: #008000\">El Betis, entrenado por Ferenc Szusza, aline\u00f3 a Pesudo; Bizcocho, Telech\u00eda, Aramburu, Cobo; Gonz\u00e1lez, L\u00f3pez, Mellado (54, Rogelio); Nebot (54, Del Pozo), Del Sol y Ben\u00edtez.<\/span><\/p>","protected":false},"excerpt":{"rendered":"<p>El 20 de mayo de 1973 en Castalia el Castell\u00f3n derrota 3-1 al Betis en partido de la jornada 34 y \u00faltima del Campeonato de Liga de Primera Divisi\u00f3n. Un resultado que conllevaba el descenso a Segunda Divisi\u00f3n del equipo verdiblanco que, en un partido en el que necesitaba al menos el empate, dio una&#8230;<\/p>\n","protected":false},"author":5,"featured_media":89019,"comment_status":"open","ping_status":"open","sticky":false,"template":"","format":"standard","meta":{"_kad_post_transparent":"","_kad_post_title":"","_kad_post_layout":"","_kad_post_sidebar_id":"","_kad_post_content_style":"","_kad_post_vertical_padding":"","_kad_post_feature":"","_kad_post_feature_position":"","_kad_post_header":false,"_kad_post_footer":false,"_kad_post_classname":"","_jetpack_memberships_contains_paid_content":false,"footnotes":"","jetpack_publicize_message":"","jetpack_publicize_feature_enabled":true,"jetpack_social_post_already_shared":true,"jetpack_social_options":{"image_generator_settings":{"template":"highway","default_image_id":0,"font":"","enabled":false},"version":2}},"categories":[903,14583,1],"tags":[56,1172,17899],"class_list":["post-89018","post","type-post","status-publish","format-standard","has-post-thumbnail","hentry","category-1970-1979","category-efemerides","category-portada","tag-56","tag-cd-castellon","tag-liga-primera-1972-73"],"jetpack_publicize_connections":[],"jetpack_featured_media_url":"https:\/\/i0.wp.com\/www.manquepierda.com\/historiarealbetis\/files\/2023\/05\/20-1973-Castellon-3-Betis-1-y-descenso-imagen.jpg?fit=364%2C332&ssl=1","jetpack_sharing_enabled":true,"jetpack_shortlink":"https:\/\/wp.me\/p1ij08-n9M","jetpack-related-posts":[],"_links":{"self":[{"href":"https:\/\/www.manquepierda.com\/historiarealbetis\/wp-json\/wp\/v2\/posts\/89018","targetHints":{"allow":["GET"]}}],"collection":[{"href":"https:\/\/www.manquepierda.com\/historiarealbetis\/wp-json\/wp\/v2\/posts"}],"about":[{"href":"https:\/\/www.manquepierda.com\/historiarealbetis\/wp-json\/wp\/v2\/types\/post"}],"author":[{"embeddable":true,"href":"https:\/\/www.manquepierda.com\/historiarealbetis\/wp-json\/wp\/v2\/users\/5"}],"replies":[{"embeddable":true,"href":"https:\/\/www.manquepierda.com\/historiarealbetis\/wp-json\/wp\/v2\/comments?post=89018"}],"version-history":[{"count":2,"href":"https:\/\/www.manquepierda.com\/historiarealbetis\/wp-json\/wp\/v2\/posts\/89018\/revisions"}],"predecessor-version":[{"id":89021,"href":"https:\/\/www.manquepierda.com\/historiarealbetis\/wp-json\/wp\/v2\/posts\/89018\/revisions\/89021"}],"wp:featuredmedia":[{"embeddable":true,"href":"https:\/\/www.manquepierda.com\/historiarealbetis\/wp-json\/wp\/v2\/media\/89019"}],"wp:attachment":[{"href":"https:\/\/www.manquepierda.com\/historiarealbetis\/wp-json\/wp\/v2\/media?parent=89018"}],"wp:term":[{"taxonomy":"category","embeddable":true,"href":"https:\/\/www.manquepierda.com\/historiarealbetis\/wp-json\/wp\/v2\/categories?post=89018"},{"taxonomy":"post_tag","embeddable":true,"href":"https:\/\/www.manquepierda.com\/historiarealbetis\/wp-json\/wp\/v2\/tags?post=89018"}],"curies":[{"name":"wp","href":"https:\/\/api.w.org\/{rel}","templated":true}]}}