{"id":89056,"date":"2023-05-21T10:18:00","date_gmt":"2023-05-21T08:18:00","guid":{"rendered":"https:\/\/www.manquepierda.com\/historiarealbetis\/?p=89056"},"modified":"2024-10-13T22:45:25","modified_gmt":"2024-10-13T20:45:25","slug":"historia-de-una-hermosa-traicion-de-francisco-correal","status":"publish","type":"post","link":"https:\/\/www.manquepierda.com\/historiarealbetis\/historia-de-una-hermosa-traicion-de-francisco-correal\/","title":{"rendered":"Historia de una hermosa traici\u00f3n, de Francisco Correal"},"content":{"rendered":"<div class=\"wp-block-image\">\n<figure class=\"aligncenter size-large\"><img data-recalc-dims=\"1\" loading=\"lazy\" decoding=\"async\" width=\"960\" height=\"672\" src=\"https:\/\/i0.wp.com\/www.manquepierda.com\/historiarealbetis\/files\/2023\/05\/Historia-de-una-hermosa-traicion-NMP-Diario-16-18-01-1995.jpg?resize=960%2C672&#038;ssl=1\" alt=\"\" class=\"wp-image-89057\" srcset=\"https:\/\/i0.wp.com\/www.manquepierda.com\/historiarealbetis\/files\/2023\/05\/Historia-de-una-hermosa-traicion-NMP-Diario-16-18-01-1995-scaled.jpg?resize=960%2C672&amp;ssl=1 960w, https:\/\/i0.wp.com\/www.manquepierda.com\/historiarealbetis\/files\/2023\/05\/Historia-de-una-hermosa-traicion-NMP-Diario-16-18-01-1995-scaled.jpg?resize=680%2C476&amp;ssl=1 680w, https:\/\/i0.wp.com\/www.manquepierda.com\/historiarealbetis\/files\/2023\/05\/Historia-de-una-hermosa-traicion-NMP-Diario-16-18-01-1995-scaled.jpg?resize=220%2C154&amp;ssl=1 220w, https:\/\/i0.wp.com\/www.manquepierda.com\/historiarealbetis\/files\/2023\/05\/Historia-de-una-hermosa-traicion-NMP-Diario-16-18-01-1995-scaled.jpg?resize=768%2C538&amp;ssl=1 768w\" sizes=\"auto, (max-width: 960px) 100vw, 960px\" \/><\/figure>\n<\/div>\n\n<p>En enero de 1995 Sevilla y Betis se iban a enfrentar en terreno sevillista en la jornada 18 del Campeonato de Liga de Primera Divisi\u00f3n. Despu\u00e9s de casi 4 a\u00f1os sin enfrentamientos oficiales los eternos rivales volv\u00edan a cruzarse en un partido que termin\u00f3 con la victoria b\u00e9tica por 0-1 con gol de Alexis de penalti como ya vimos <strong><a href=\"https:\/\/www.manquepierda.com\/historiarealbetis\/alineacion-sevilla-betis-liga-1995\/\">aqu\u00ed.<\/a><\/strong><\/p>\n<p>Un partido que caus\u00f3 una gran expectaci\u00f3n en la semana previa y que depar\u00f3 gran cantidad de reportajes e informes en la prensa de la ciudad. Uno de los m\u00e1s curiosos y emotivos es el que el periodista Francisco Correal public\u00f3 en Diario 16 Andaluc\u00eda reuniendo a dos de los grandes m\u00fasicos de la \u00e9poca: Silvio Fern\u00e1ndez y Pive Amador, que formaban parte del grupo Silvio y Sacramento.&nbsp;<\/p>\n<p>Recog\u00eda el reportaje las vivencia de ambos en torno a los dos equipos de la ciudad, Silvio sevillista y Pive b\u00e9tico, y toda la m\u00edtica m\u00edstica que la canci\u00f3n dedicada al Betis a mediados de la d\u00e9cada de los 80 ten\u00eda y a\u00fan sigue teniendo.<\/p>\n<p><span style=\"color: #008000\"><em>\u201cNo busques m\u00e1s que no hay\u201d. <\/em><\/span><\/p>\n<p><span style=\"color: #008000\"><em>Con este arranque, Silvio y Sacramento sacralizaron al Betis. <\/em><\/span><\/p>\n<p><span style=\"color: #008000\"><em>\u201cCuando el rey don San Fernando\/conquist\u00f3 Sevilla, ya se pregunt\u00f3:\/\u00bfd\u00f3nde est\u00e1 mi Betis?\u201d. Lo mismo se preguntaron Picchi y Migueli\u00f1o camino de Breta\u00f1a. Preludio copero. \u201cVerdes campos de m\u00eda California\/verde c\u00e9sped del S\u00e1nchez Pizju\u00e1n\/verde quiero ver a toda Espa\u00f1a\/y hasta la Real de Sociedad\u201d.<\/em><\/span><\/p>\n<p><span style=\"color: #008000\"><em>\u201cParecen marchas militares\u201d, dice el sevillista Silvio de canciones verdiblancas de b\u00e9ticos como Cantores de H\u00edspalis o Antonio Gonz\u00e1lez \u201cEl Raya\u201d. <\/em><\/span><\/p>\n<p><span style=\"color: #008000\"><em>La cant\u00f3 con el Betis en Segunda, d\u00eda mundial del Beticismo frente al Palam\u00f3s. Improvis\u00f3 una apostilla: \u201c\u00a1En Segunda\u00a1\u201d. \u201cSal\u00ed escoltado por la polic\u00eda con mi novia y con mi madre\u201d. <\/em><\/span><\/p>\n<p><span style=\"color: #008000\"><em>Dice Pive que Silvio met\u00eda subliminalmente al Sevilla en la canci\u00f3n m\u00e1s sacra de su repertorio. Recuerdan jugadas de Rogelio, de Achucarro, de Di\u00e9guez. \u201cMe pon\u00eda malo cuando perd\u00eda el Betis\u201d, dice Pive. \u201cMe cog\u00ed un trauma tremendo con un gol que fall\u00f3 Lasa con el Barcelona\u201d. Apareci\u00f3 la pierna salvadora de Gensana \u201cin corpore sano\u201d y se frustr\u00f3 el gol. \u201cEl recuerdo de esa jugada me sirvi\u00f3 para evitar la eyaculaci\u00f3n precoz\u201d.<\/em><\/span><\/p>\n<p><span style=\"color: #008000\"><em>El sevillista Silvio recuerda como triunfo m\u00e1s preclaro sobre el eterno rival el varapalo infligido defendiendo los colores de la Escuela Francesa a los curas de Heli\u00f3polis, vecinos claretianos del Real Betis Balompi\u00e9, el equipo de sus desamores, el club de su inseparable Pive Amador. \u201cLa media \u00e9ramos Silvio y Fern\u00e1ndez, el gerente del Palace\u201d.<\/em><\/span><\/p>\n<p><span style=\"color: #008000\"><em>\u201cNos gusta fundir contrarios, cantarle a la Macarena de Triana\u201d, dice el bater\u00eda, m\u00e1nager y letrista del cantante rockero. \u201cQuiz\u00e1s antes de conocernos \u00e9ramos m\u00e1s radicales, pero como somos buenos sevillanistas no somos fan\u00e1ticos; igual que somos monarquistas en vez de mon\u00e1rquicos; alcoholistas en lugar de alcoh\u00f3licos\u201d.<\/em><\/span><\/p>\n<p><span style=\"color: #008000\"><em>Partiendo de un estribillo de Elvis Presley, este cantante sevillista le dedic\u00f3 al Betis la canci\u00f3n m\u00e1s hermosa que registran los anales h\u00edmnicos del equipo heliopolitano. \u201cYo me defino como un sevillista rodeado de b\u00e9ticos por todas partes\u201d, dice Silvio. Sus m\u00fasicos, los cuatro b\u00e9ticos, le hab\u00edan hecho un plante.<\/em><\/span><\/p>\n<p><span style=\"color: #008000\"><em>Se negaban a hacerle los coros. Les propuso la loa verdiblanca y claudicaron los cuatro: el referido Pive, Juanjo Pizarro, hermano del concejal y candidato a la alcald\u00eda de Izquierda Unida, Andr\u00e9s el P\u00e1jaro, que disfruta en Estados Unidos de un braguetazo con una millonaria alemana, y Miguel Su\u00e1rez, el Migueli\u00f1o que en la canci\u00f3n hace el viaje inici\u00e1tico a Breta\u00f1a en busca del Excalibur b\u00e9tico.<\/em><\/span><\/p>\n<p><span style=\"color: #008000\"><em>Silvio profesa simpat\u00eda por el Betis y Pive se sorprendi\u00f3 a s\u00ed mismo jaleando en presencia de su madre un gol de Suker al Barcelona.<\/em><\/span><\/p>\n<p><em><span style=\"color: #008000\">&nbsp;\u201cYo soy sevillista desde que<\/span> <span style=\"color: #008000\">mi padre me convid\u00f3 a ser un poco mayor, a salir de Triana y ver el centro y Nervi\u00f3n\u201d.<\/span><\/em><\/p>\n<p><span style=\"color: #008000\"><em>A Pive, que vio a Pel\u00e9 en los predios de Carde\u00f1osa, le cupo el honor de asistir al Benito Villamar\u00edn el d\u00eda que el Betis compr\u00f3 el estadio por doce millones, santuario que hab\u00eda pertenecido a la Exposici\u00f3n del 29 y por el que sus arrendatarios pagaban un alquiler mensual de mil quinientas pesetas.<\/em><\/span><\/p>\n<p><span style=\"color: #008000\"><em>\u201cSi me tocan los cupones o las quinielas\u201d, sue\u00f1a Silvio, \u201cme compro una casita en Heli\u00f3polis; el barrio que tiene m\u00e1s perros que personas, lo cual quiere decir que es residencia total\u201d.<\/em><\/span><\/p>\n<p><span style=\"color: #008000\"><em>Intercambian mentalmente las fotos de sus \u00e1lbumes. Pive con Luis Del Sol; Silvio con Juanito Arza\u2026 \u201c\u00bfEl primer derbi? Fue la primera vez que mi padre me invito a salir de casa con los adultos. Era un Sevilla-Betis de viejas glorias ben\u00e9fico por la Cabalgata de Navidad. Gan\u00f3 el Sevilla cinco a cero; los cinco los marc\u00f3 Campanal el gordo, que en paz descanse\u201d.<\/em><\/span><\/p>\n<p><span style=\"color: #008000\"><em>Nunca han ido junto al f\u00fatbol. \u201cCuando Silvio y yo nos conocimos, \u00e9ramos forofos de la Semana Santa y del rock&amp;roll\u201d recuerda Pive, que imagina a Elvis Presley sevillista y a Ray Charles y James Brown b\u00e9ticos. Silvio suscribe la vecindad de Gordillo y Charly Parker, jazzman negro de Kansas City, pero desconf\u00eda de esos paralelismos: \u201cUn americano no puede ser b\u00e9tico ni sevillista. No tienen historia, y nosotros somos m\u00e1s antiguos que nuestros muertos\u201d.<\/em><\/span><\/p>\n<p><span style=\"color: #008000\"><em>El rockero es un sentimental del balompi\u00e9. \u201cHay fan\u00e1ticos, pero, un momento, hay b\u00e9ticos que lloran y sevillistas que lloran, pero muy pocos. Yo mismo llor\u00e9 cuando se inaugur\u00f3 el estadio S\u00e1nchez Pizju\u00e1n\u201d.<\/em><\/span><\/p>\n<p><span style=\"color: #008000\"><em>Iba al f\u00fatbol con su padre, reputado cr\u00edtico de cine de un diario sevillano. \u201cAl f\u00fatbol \u00edbamos juntos, al cine por separado. Yo me met\u00eda en el Path\u00e9 y le hac\u00eda la cr\u00edtica a mi padre, mientras que \u00e9l estaba en el Coliseo\u00bb.<\/em><\/span><\/p>\n<p><span style=\"color: #008000\"><em>\u00bfMarcar\u00e1 Suker el domingo? Silvio cree que el croata es ave de paso. \u201c\u00bfNo va a tener novias? Es que se cuida, hace as\u00ed y te mete un gol y t\u00fa mismo tienes que celebrarlo delante de tu madre. Despu\u00e9s hace as\u00ed y se inhibe. Son \u00f3rdenes de su m\u00e1nager. Esta gente son comerciantes. Ah\u00ed est\u00e1 la tonter\u00eda de Cuervas; yo mismo se lo dije a Cuervas, en firmarle cuatro a\u00f1os al chaval, que desde el primer d\u00eda est\u00e1 anunciando que no pertenece a ninguna parte; ni a Rusia, ni a M\u00e9xico, ni a Sevilla\u201d.<\/em><\/span><\/p>\n<p><em><span style=\"color: #008000\">El padre de Pive, tratante de ganado, y tambi\u00e9n sevillista como el de Silvio, le regal\u00f3 en 1957 un tomavistas que hab\u00eda comprado en Gibraltar. \u201cYo era un ni\u00f1o, pero ya me gustaba. Tengo pel\u00edculas en ocho mil\u00edmetros de varios Sevilla-Betis que hab\u00eda que mandar a Alemania para que las revelaran. Tambi\u00e9n hay im\u00e1genes de cofrad\u00edas, de Soraya o Dal\u00ed en la Feria de Sevilla\u201d.&nbsp;&nbsp;&nbsp;&nbsp;<\/span> &nbsp;<\/em><\/p>\n<p><\/p>","protected":false},"excerpt":{"rendered":"<p>En enero de 1995 Sevilla y Betis se iban a enfrentar en terreno sevillista en la jornada 18 del Campeonato de Liga de Primera Divisi\u00f3n. Despu\u00e9s de casi 4 a\u00f1os sin enfrentamientos oficiales los eternos rivales volv\u00edan a cruzarse en un partido que termin\u00f3 con la victoria b\u00e9tica por 0-1 con gol de Alexis de&#8230;<\/p>\n","protected":false},"author":5,"featured_media":89057,"comment_status":"open","ping_status":"open","sticky":false,"template":"","format":"standard","meta":{"_kad_post_transparent":"","_kad_post_title":"","_kad_post_layout":"","_kad_post_sidebar_id":"","_kad_post_content_style":"","_kad_post_vertical_padding":"","_kad_post_feature":"","_kad_post_feature_position":"","_kad_post_header":false,"_kad_post_footer":false,"_kad_post_classname":"","_jetpack_memberships_contains_paid_content":false,"footnotes":"","jetpack_publicize_message":"","jetpack_publicize_feature_enabled":true,"jetpack_social_post_already_shared":true,"jetpack_social_options":{"image_generator_settings":{"template":"highway","default_image_id":0,"font":"","enabled":false},"version":2}},"categories":[1,1176],"tags":[2459,5848,17460,17459],"class_list":["post-89056","post","type-post","status-publish","format-standard","has-post-thumbnail","hentry","category-portada","category-relatos-de-futbol","tag-2459","tag-francisco-correal","tag-pive-amador","tag-silvio-fernandez"],"jetpack_publicize_connections":[],"jetpack_featured_media_url":"https:\/\/i0.wp.com\/www.manquepierda.com\/historiarealbetis\/files\/2023\/05\/Historia-de-una-hermosa-traicion-NMP-Diario-16-18-01-1995-scaled.jpg?fit=2560%2C1793&ssl=1","jetpack_sharing_enabled":true,"jetpack_shortlink":"https:\/\/wp.me\/p1ij08-nao","jetpack-related-posts":[],"_links":{"self":[{"href":"https:\/\/www.manquepierda.com\/historiarealbetis\/wp-json\/wp\/v2\/posts\/89056","targetHints":{"allow":["GET"]}}],"collection":[{"href":"https:\/\/www.manquepierda.com\/historiarealbetis\/wp-json\/wp\/v2\/posts"}],"about":[{"href":"https:\/\/www.manquepierda.com\/historiarealbetis\/wp-json\/wp\/v2\/types\/post"}],"author":[{"embeddable":true,"href":"https:\/\/www.manquepierda.com\/historiarealbetis\/wp-json\/wp\/v2\/users\/5"}],"replies":[{"embeddable":true,"href":"https:\/\/www.manquepierda.com\/historiarealbetis\/wp-json\/wp\/v2\/comments?post=89056"}],"version-history":[{"count":4,"href":"https:\/\/www.manquepierda.com\/historiarealbetis\/wp-json\/wp\/v2\/posts\/89056\/revisions"}],"predecessor-version":[{"id":89062,"href":"https:\/\/www.manquepierda.com\/historiarealbetis\/wp-json\/wp\/v2\/posts\/89056\/revisions\/89062"}],"wp:featuredmedia":[{"embeddable":true,"href":"https:\/\/www.manquepierda.com\/historiarealbetis\/wp-json\/wp\/v2\/media\/89057"}],"wp:attachment":[{"href":"https:\/\/www.manquepierda.com\/historiarealbetis\/wp-json\/wp\/v2\/media?parent=89056"}],"wp:term":[{"taxonomy":"category","embeddable":true,"href":"https:\/\/www.manquepierda.com\/historiarealbetis\/wp-json\/wp\/v2\/categories?post=89056"},{"taxonomy":"post_tag","embeddable":true,"href":"https:\/\/www.manquepierda.com\/historiarealbetis\/wp-json\/wp\/v2\/tags?post=89056"}],"curies":[{"name":"wp","href":"https:\/\/api.w.org\/{rel}","templated":true}]}}