{"id":89077,"date":"2023-05-28T12:00:00","date_gmt":"2023-05-28T10:00:00","guid":{"rendered":"https:\/\/www.manquepierda.com\/historiarealbetis\/?p=89077"},"modified":"2024-10-13T22:50:39","modified_gmt":"2024-10-13T20:50:39","slug":"hoy-hace-90-anos-betis-4-valencia-2-en-copa","status":"publish","type":"post","link":"https:\/\/www.manquepierda.com\/historiarealbetis\/hoy-hace-90-anos-betis-4-valencia-2-en-copa\/","title":{"rendered":"Hoy hace 90 a\u00f1os. Betis 4 Valencia 2 en Copa."},"content":{"rendered":"<div class=\"wp-block-image\">\n<figure class=\"aligncenter size-full\"><img data-recalc-dims=\"1\" loading=\"lazy\" decoding=\"async\" width=\"655\" height=\"481\" src=\"https:\/\/i0.wp.com\/www.manquepierda.com\/historiarealbetis\/files\/2023\/05\/28-1933-Betis-4-Valencia-2-Copa.jpg?resize=655%2C481&#038;ssl=1\" alt=\"\" class=\"wp-image-89078\" srcset=\"https:\/\/i0.wp.com\/www.manquepierda.com\/historiarealbetis\/files\/2023\/05\/28-1933-Betis-4-Valencia-2-Copa.jpg?w=655&amp;ssl=1 655w, https:\/\/i0.wp.com\/www.manquepierda.com\/historiarealbetis\/files\/2023\/05\/28-1933-Betis-4-Valencia-2-Copa.jpg?resize=220%2C162&amp;ssl=1 220w\" sizes=\"auto, (max-width: 655px) 100vw, 655px\" \/><\/figure>\n<\/div>\n\n<p><\/p>\n<p><span style=\"color: #008000\">El 28 de mayo de 1933 en el Patronato el Betis vence 4-2 al Valencia en el partido de ida de los cuartos de final de la Copa.<\/span><\/p>\n<p><span style=\"color: #008000\">Capillas en el minuto 5, tras el lanzamiento de una falta por Lecue, hizo el 1-0. En el 21 empat\u00f3 el Valencia con un remate de Navarro tras una dejada de cabeza de Vilanova.<\/span><\/p>\n<p><span style=\"color: #008000\">En la segunda parte en el 65 Garc\u00eda de la Puerta hizo el 2-1 a la salida de un c\u00f3rner y tras un remate el poste de Timimi. En el 68 Capillas, a pase de Lecue, marc\u00f3 el 3-1, y en el 71 un fuerte disparo de Lecue, tras jugada de Roberto, supuso el 4-1. En el 75 Navarro acort\u00f3 distancias con un disparo lejano.<\/span><\/p>\n<p><span style=\"color: #008000\">El Betis, entrenado por Patrick O\u00b4Connell, aline\u00f3 a Urquiaga; Areso, Aranda; Peral, Soladrero, Roberto; Timimi, Lecue, Capillas, Garc\u00eda de la Puerta y Enrique.<\/span><\/p>\n<p><span style=\"color: #008000\">El Valencia, dirigido por Randolph Galloway, jug\u00f3 con<\/span> <span style=\"color: #008000\">Nebot; Melench\u00f3n, Pasar\u00edn; Abd\u00f3n, Molina, Conde; Amor\u00f3s, Navarro, Vilanova, Monta\u00f1\u00e9s y S\u00e1nchez. &nbsp;&nbsp;&nbsp;<\/span><\/p>","protected":false},"excerpt":{"rendered":"<p>El 28 de mayo de 1933 en el Patronato el Betis vence 4-2 al Valencia en el partido de ida de los cuartos de final de la Copa. Capillas en el minuto 5, tras el lanzamiento de una falta por Lecue, hizo el 1-0. En el 21 empat\u00f3 el Valencia con un remate de Navarro&#8230;<\/p>\n","protected":false},"author":5,"featured_media":89078,"comment_status":"open","ping_status":"open","sticky":false,"template":"","format":"standard","meta":{"_kad_post_transparent":"","_kad_post_title":"","_kad_post_layout":"","_kad_post_sidebar_id":"","_kad_post_content_style":"","_kad_post_vertical_padding":"","_kad_post_feature":"","_kad_post_feature_position":"","_kad_post_header":false,"_kad_post_footer":false,"_kad_post_classname":"","_jetpack_memberships_contains_paid_content":false,"footnotes":"","jetpack_publicize_message":"","jetpack_publicize_feature_enabled":true,"jetpack_social_post_already_shared":true,"jetpack_social_options":{"image_generator_settings":{"template":"highway","default_image_id":0,"font":"","enabled":false},"version":2}},"categories":[899,14583,1],"tags":[1537,18059,2285],"class_list":["post-89077","post","type-post","status-publish","format-standard","has-post-thumbnail","hentry","category-1930-1939","category-efemerides","category-portada","tag-1537","tag-copa-1932-33","tag-valencia-cf"],"jetpack_publicize_connections":[],"jetpack_featured_media_url":"https:\/\/i0.wp.com\/www.manquepierda.com\/historiarealbetis\/files\/2023\/05\/28-1933-Betis-4-Valencia-2-Copa.jpg?fit=655%2C481&ssl=1","jetpack_sharing_enabled":true,"jetpack_shortlink":"https:\/\/wp.me\/p1ij08-naJ","jetpack-related-posts":[],"_links":{"self":[{"href":"https:\/\/www.manquepierda.com\/historiarealbetis\/wp-json\/wp\/v2\/posts\/89077","targetHints":{"allow":["GET"]}}],"collection":[{"href":"https:\/\/www.manquepierda.com\/historiarealbetis\/wp-json\/wp\/v2\/posts"}],"about":[{"href":"https:\/\/www.manquepierda.com\/historiarealbetis\/wp-json\/wp\/v2\/types\/post"}],"author":[{"embeddable":true,"href":"https:\/\/www.manquepierda.com\/historiarealbetis\/wp-json\/wp\/v2\/users\/5"}],"replies":[{"embeddable":true,"href":"https:\/\/www.manquepierda.com\/historiarealbetis\/wp-json\/wp\/v2\/comments?post=89077"}],"version-history":[{"count":2,"href":"https:\/\/www.manquepierda.com\/historiarealbetis\/wp-json\/wp\/v2\/posts\/89077\/revisions"}],"predecessor-version":[{"id":89080,"href":"https:\/\/www.manquepierda.com\/historiarealbetis\/wp-json\/wp\/v2\/posts\/89077\/revisions\/89080"}],"wp:featuredmedia":[{"embeddable":true,"href":"https:\/\/www.manquepierda.com\/historiarealbetis\/wp-json\/wp\/v2\/media\/89078"}],"wp:attachment":[{"href":"https:\/\/www.manquepierda.com\/historiarealbetis\/wp-json\/wp\/v2\/media?parent=89077"}],"wp:term":[{"taxonomy":"category","embeddable":true,"href":"https:\/\/www.manquepierda.com\/historiarealbetis\/wp-json\/wp\/v2\/categories?post=89077"},{"taxonomy":"post_tag","embeddable":true,"href":"https:\/\/www.manquepierda.com\/historiarealbetis\/wp-json\/wp\/v2\/tags?post=89077"}],"curies":[{"name":"wp","href":"https:\/\/api.w.org\/{rel}","templated":true}]}}