{"id":89168,"date":"2023-06-02T10:15:00","date_gmt":"2023-06-02T08:15:00","guid":{"rendered":"https:\/\/www.manquepierda.com\/historiarealbetis\/?p=89168"},"modified":"2024-08-20T20:45:51","modified_gmt":"2024-08-20T18:45:51","slug":"alineacion-betis-valencia-liga-1964","status":"publish","type":"post","link":"https:\/\/www.manquepierda.com\/historiarealbetis\/alineacion-betis-valencia-liga-1964\/","title":{"rendered":"Alineaci\u00f3n Betis-Valencia Liga 1964"},"content":{"rendered":"<div class=\"wp-block-image\">\n<figure class=\"aligncenter size-large\"><img data-recalc-dims=\"1\" loading=\"lazy\" decoding=\"async\" width=\"960\" height=\"637\" src=\"https:\/\/i0.wp.com\/www.manquepierda.com\/historiarealbetis\/files\/2023\/05\/Alineacion-Betis-Valencia-Liga-1964.jpg?resize=960%2C637&#038;ssl=1\" alt=\"\" class=\"wp-image-89169\" srcset=\"https:\/\/i0.wp.com\/www.manquepierda.com\/historiarealbetis\/files\/2023\/05\/Alineacion-Betis-Valencia-Liga-1964.jpg?resize=960%2C637&amp;ssl=1 960w, https:\/\/i0.wp.com\/www.manquepierda.com\/historiarealbetis\/files\/2023\/05\/Alineacion-Betis-Valencia-Liga-1964.jpg?resize=680%2C452&amp;ssl=1 680w, https:\/\/i0.wp.com\/www.manquepierda.com\/historiarealbetis\/files\/2023\/05\/Alineacion-Betis-Valencia-Liga-1964.jpg?resize=220%2C146&amp;ssl=1 220w, https:\/\/i0.wp.com\/www.manquepierda.com\/historiarealbetis\/files\/2023\/05\/Alineacion-Betis-Valencia-Liga-1964.jpg?resize=768%2C510&amp;ssl=1 768w, https:\/\/i0.wp.com\/www.manquepierda.com\/historiarealbetis\/files\/2023\/05\/Alineacion-Betis-Valencia-Liga-1964.jpg?w=994&amp;ssl=1 994w\" sizes=\"auto, (max-width: 960px) 100vw, 960px\" \/><\/figure>\n<\/div>\n\n<p><\/p>\n<p>6 de diciembre de 1964 en el Villamar\u00edn Betis 0 Valencia 1; jornada 12 del Campeonato de Liga de Primera Divisi\u00f3n.<\/p>\n<p>En la imagen arriba Pep\u00edn, Aparicio, R\u00edos, Paquito, L\u00f3pez Hidalgo y Lasa; abajo Azc\u00e1rate, Pallar\u00e9s, Andola, Rogelio y Molina.&nbsp;<\/p>\n<p>Waldo, en el minuto 33, a pase de Poli fue el autor del \u00fanico tanto de la tarde, en un mal partido del conjunto verdiblanco.<\/p>\n<p>Louis Hon entrenaba al Betis y Edmundo Su\u00e1rez \u00abMundo\u00bb al Valencia.&nbsp;<\/p>","protected":false},"excerpt":{"rendered":"<p>6 de diciembre de 1964 en el Villamar\u00edn Betis 0 Valencia 1; jornada 12 del Campeonato de Liga de Primera Divisi\u00f3n. En la imagen arriba Pep\u00edn, Aparicio, R\u00edos, Paquito, L\u00f3pez Hidalgo y Lasa; abajo Azc\u00e1rate, Pallar\u00e9s, Andola, Rogelio y Molina.&nbsp; Waldo, en el minuto 33, a pase de Poli fue el autor del \u00fanico tanto&#8230;<\/p>\n","protected":false},"author":5,"featured_media":89169,"comment_status":"open","ping_status":"open","sticky":false,"template":"","format":"standard","meta":{"_kad_post_transparent":"","_kad_post_title":"","_kad_post_layout":"","_kad_post_sidebar_id":"","_kad_post_content_style":"","_kad_post_vertical_padding":"","_kad_post_feature":"","_kad_post_feature_position":"","_kad_post_header":false,"_kad_post_footer":false,"_kad_post_classname":"","_jetpack_memberships_contains_paid_content":false,"footnotes":"","jetpack_publicize_message":"","jetpack_publicize_feature_enabled":true,"jetpack_social_post_already_shared":true,"jetpack_social_options":{"image_generator_settings":{"template":"highway","default_image_id":0,"font":"","enabled":false},"version":2}},"categories":[902,1],"tags":[4033,2900,1370,3159,1212,2903,1616,2901,1336,2354,1319,17903,1618,1396,2285],"class_list":["post-89168","post","type-post","status-publish","format-standard","has-post-thumbnail","hentry","category-1960-1969","category-portada","tag-4033","tag-1964-65","tag-andres-molina","tag-antonio-pallares","tag-eusebio-rios","tag-fernando-ansola","tag-francisco-aparicio","tag-francisco-faleato-paquito","tag-jose-casas-pepin","tag-jose-lopez-hidalgo","tag-leon-lasa","tag-liga-primera-1964-65","tag-miguel-azcarate","tag-rogelio-sosa","tag-valencia-cf"],"jetpack_publicize_connections":[],"jetpack_featured_media_url":"https:\/\/i0.wp.com\/www.manquepierda.com\/historiarealbetis\/files\/2023\/05\/Alineacion-Betis-Valencia-Liga-1964.jpg?fit=994%2C660&ssl=1","jetpack_sharing_enabled":true,"jetpack_shortlink":"https:\/\/wp.me\/p1ij08-ncc","jetpack-related-posts":[],"_links":{"self":[{"href":"https:\/\/www.manquepierda.com\/historiarealbetis\/wp-json\/wp\/v2\/posts\/89168","targetHints":{"allow":["GET"]}}],"collection":[{"href":"https:\/\/www.manquepierda.com\/historiarealbetis\/wp-json\/wp\/v2\/posts"}],"about":[{"href":"https:\/\/www.manquepierda.com\/historiarealbetis\/wp-json\/wp\/v2\/types\/post"}],"author":[{"embeddable":true,"href":"https:\/\/www.manquepierda.com\/historiarealbetis\/wp-json\/wp\/v2\/users\/5"}],"replies":[{"embeddable":true,"href":"https:\/\/www.manquepierda.com\/historiarealbetis\/wp-json\/wp\/v2\/comments?post=89168"}],"version-history":[{"count":2,"href":"https:\/\/www.manquepierda.com\/historiarealbetis\/wp-json\/wp\/v2\/posts\/89168\/revisions"}],"predecessor-version":[{"id":89172,"href":"https:\/\/www.manquepierda.com\/historiarealbetis\/wp-json\/wp\/v2\/posts\/89168\/revisions\/89172"}],"wp:featuredmedia":[{"embeddable":true,"href":"https:\/\/www.manquepierda.com\/historiarealbetis\/wp-json\/wp\/v2\/media\/89169"}],"wp:attachment":[{"href":"https:\/\/www.manquepierda.com\/historiarealbetis\/wp-json\/wp\/v2\/media?parent=89168"}],"wp:term":[{"taxonomy":"category","embeddable":true,"href":"https:\/\/www.manquepierda.com\/historiarealbetis\/wp-json\/wp\/v2\/categories?post=89168"},{"taxonomy":"post_tag","embeddable":true,"href":"https:\/\/www.manquepierda.com\/historiarealbetis\/wp-json\/wp\/v2\/tags?post=89168"}],"curies":[{"name":"wp","href":"https:\/\/api.w.org\/{rel}","templated":true}]}}