{"id":89216,"date":"2023-06-05T09:32:00","date_gmt":"2023-06-05T07:32:00","guid":{"rendered":"https:\/\/www.manquepierda.com\/historiarealbetis\/?p=89216"},"modified":"2023-07-11T19:59:17","modified_gmt":"2023-07-11T17:59:17","slug":"entrevista-miguel-espina-1983","status":"publish","type":"post","link":"https:\/\/www.manquepierda.com\/historiarealbetis\/entrevista-miguel-espina-1983\/","title":{"rendered":"Entrevista Miguel Espina 1983"},"content":{"rendered":"<div class=\"wp-block-image\">\n<figure class=\"aligncenter size-full\"><img data-recalc-dims=\"1\" loading=\"lazy\" decoding=\"async\" width=\"399\" height=\"567\" src=\"https:\/\/i0.wp.com\/www.manquepierda.com\/historiarealbetis\/files\/2023\/05\/1983-06-05-Entrevista-Miguel-Espina-imagen-1.jpg?resize=399%2C567&#038;ssl=1\" alt=\"\" class=\"wp-image-89218\" srcset=\"https:\/\/i0.wp.com\/www.manquepierda.com\/historiarealbetis\/files\/2023\/05\/1983-06-05-Entrevista-Miguel-Espina-imagen-1.jpg?w=399&amp;ssl=1 399w, https:\/\/i0.wp.com\/www.manquepierda.com\/historiarealbetis\/files\/2023\/05\/1983-06-05-Entrevista-Miguel-Espina-imagen-1.jpg?resize=155%2C220&amp;ssl=1 155w\" sizes=\"auto, (max-width: 399px) 100vw, 399px\" \/><\/figure>\n<\/div>\n\n<p>\u00a0<\/p>\n<p>Seguimos viendo las entrevistas a los candidatos a la presidencia b\u00e9tica en junio de 1983. En esta ocasi\u00f3n se trata de la realizada por el periodista Luis Carlos Peris y publicada en las p\u00e1ginas de Diario 16 Andaluc\u00eda a Miguel Espina Mart\u00edn, que representaba la l\u00ednea oficialista y de continuidad con la directiva de Juan Mauduit.<\/p>\n<p>Miguel Espina precisamente hab\u00eda accedido por primera vez a un puesto directivo con Mauduit cuando \u00e9ste lleg\u00f3 a la presidencia en las elecciones de 1979, como vocal en sus 2 primeras temporadas y como tesorero en las dos siguientes.\u00a0<\/p>\n<p>En las elecciones termin\u00f3 en segunda posici\u00f3n a 110 votos del vencedor, con lo que qued\u00f3 al margen de la directiva b\u00e9tica, a la que volver\u00eda en 1987 como vicepresidente precisamente de Mart\u00ednez Retamero, quien le derrot\u00f3 en 1983.\u00a0\u00a0<\/p>\n<p><span style=\"color: #008000\"><em>Es el candidato que goza del respaldo de la directiva saliente, que fue el propio Juan Mauduit el que lo lanz\u00f3 al dif\u00edcil ruedo de las elecciones. Y lo hizo de forma inopinada, pues aunque la labor de Miguel Espina en estos cuatro a\u00f1os de directivo fue rotundamente positiva, nadie pensaba que fuese a acceder a la lucha electoral.<\/em><\/span><\/p>\n<p><span style=\"color: #008000\"><em>Se trata de un aut\u00e9ntico \u201cself made man\u201d a la espa\u00f1ola, que comenz\u00f3 de cero hasta convertirse en un importante industrial del ramo del transporte. Hombre serio y formal, no comprende por qu\u00e9 el candidato Mart\u00ednez Retamero ha atacado tan ferozmente a la directiva habitual:<\/em><\/span><\/p>\n<p><em>&#8211;<span style=\"color: #008000\"> Lo m\u00e1s extra\u00f1o es que se mata tanto cuando el Betis toc\u00f3 fondo cuando \u00e9l era secretario de la junta<\/span><\/em><\/p>\n<p><span style=\"color: #008000\"><em>Pero se le enciende la bombilla y aclara a rengl\u00f3n seguido:<\/em><\/span><\/p>\n<p><span style=\"color: #008000\"><em>&#8211; Todo lo que dice es para conseguir votos de una forma que no veo noble, pues no me gusta que haya insultos entre b\u00e9ticos. Yo creo que lo l\u00f3gico es que se pensase en el Betis del presente y en hacer las cosas bien para que sea fuerte en el futuro<\/em><\/span><\/p>\n<p><span style=\"color: #008000\"><em>Asist\u00ed hace unas noches a un programa radiof\u00f3nico que condujo mi compa\u00f1ero y, sin embargo amigo, Antonio Somoza; fue en la Cadena SER cuando el candidato Espina dijo que el dinero que cost\u00f3 la remodelaci\u00f3n de los estadios para el Mundial no era problema, que ning\u00fan club pagar\u00eda.<\/em><\/span><\/p>\n<p><span style=\"color: #008000\"><em>&#8211; Aquello fue algo que expliqu\u00e9 mal. \u00bfSabes que han sido much\u00edsimas las entrevistas y que llega un momento en que los nervios te traicionan? Bueno, pues lleg\u00f3 ese momento y me expliqu\u00e9 mal<\/em><\/span><\/p>\n<p><span style=\"color: #008000\"><em>Algo de eso debi\u00f3 ocurrir, pues de otra forma no se explica.<\/em><\/span><\/p>\n<p><span style=\"color: #008000\"><em>&#8211; Quise decir que la enorme cantidad de dinero que se utiliz\u00f3 para que los clubs remodelasen sus estadios tendr\u00e1 que abonarse mediante una f\u00f3rmula que arbitre la Federaci\u00f3n. Quise decir que habr\u00eda que conseguir unos ingresos at\u00edpicos, que podr\u00edan venir de las quinielas, es un ejemplo. Eso es lo que quise decir y no dije<\/em><\/span><\/p>\n<p><span style=\"color: #008000\"><em>Porque resulta que parece que el Betis ni siquiera abon\u00f3 el primer plazo al banco:<\/em><\/span><\/p>\n<p><span style=\"color: #008000\"><em>&#8211; El Betis se halla en una situaci\u00f3n econ\u00f3mica que no es boyante, pero que no es mucho peor de la que atraviesa la mayor\u00eda de clubs espa\u00f1oles<\/em><\/span><\/p>\n<p><span style=\"color: #008000\"><em>Nadie conoce las cuentas del Betis como Miguel Espina, hombre que llev\u00f3 la tesorer\u00eda hasta que se vio obligado a dimitir para presentarse a estas elecciones.<\/em><\/span><\/p>\n<p><span style=\"color: #008000\"><em>&#8211; Las cuentas las conozco yo y cualquier b\u00e9tico que haya ido a conocerlas. El ejercicio puede arrojar un super\u00e1vit de seis millones, pero la deuda est\u00e1 alrededor de los ciento ochenta millones de pesetas<\/em><\/span><\/p>\n<p><span style=\"color: #008000\"><em>Super\u00e1vit de un ejercicio, pero al periodista lleg\u00f3 una informaci\u00f3n que explica que se cierre con n\u00fameros azules un periodo tan de vacas flacas. Me ha dicho un pajarito que la junta actual ya cobr\u00f3 el pr\u00f3ximo Colombino:<\/em><\/span><\/p>\n<p><span style=\"color: #008000\"><em>&#8211; Es cierto, pero as\u00ed se hicieron siempre las cosas<\/em><\/span><\/p>\n<p><span style=\"color: #008000\"><em>Ocurre, es un decir, que los gastos que originar\u00e1 ese Colombino (traslado a Huelva, alojamiento en Huelva, primas si se gana en Huelva) tendr\u00e1 que afrontarlos la directiva entrante. <\/em><\/span><\/p>\n<p><span style=\"color: #008000\"><em>&#8211; Por supuesto, y Miguel Espina est\u00e1 dispuesto a hacerles frente<\/em><\/span><\/p>\n<p><span style=\"color: #008000\"><em>Claro que si no es Miguel Espina el vencedor, la broma es de a\u00fapa para el que lo sea\u2026Pero, \u00bfqu\u00e9 es eso de que Miguel Espina hubo de tirar de talonario en tiempo de super\u00e1vit?<\/em><\/span><\/p>\n<p><span style=\"color: #008000\"><em>&#8211; Hube de usar de mi dinero por las circunstancias de que algunos ingresos se demoraron o no llegaron nunca<\/em><\/span><\/p>\n<p><span style=\"color: #008000\"><em>Quiero recordar que Miguel Espina lleg\u00f3 a la directiva b\u00e9tica de la mano de Pepe Le\u00f3n, un hombre que ha quedado en el camino.<\/em><\/span><\/p>\n<p><span style=\"color: #008000\"><em>&#8211; Yo no llevo a Pepe en mi junta porque tiene mucha categor\u00eda para ser vicepresidente m\u00edo. \u00c9l s\u00f3lo podr\u00eda ir de cabeza de alguna candidatura y \u00e9se y no otro es el motivo de que no venga conmigo<\/em><\/span><\/p>\n<p><span style=\"color: #008000\"><em>Dicen que Le\u00f3n estall\u00f3 en c\u00f3lera cuando supo que Mauduit apoyaba a Espina, aquella noche en el Camp Nou parece que fue tremenda:<\/em><\/span><\/p>\n<p><span style=\"color: #008000\"><em>&#8211; Yo quise dec\u00edrselo, pero el presidente me dijo que era cosa suya y que se lo dir\u00eda en el viaje a Barcelona. Luego no viaj\u00f3 y Pepe se enterar\u00eda por fuera. Eso es lo que le sent\u00f3 mal, creo yo<\/em><\/span><\/p>\n<p><span style=\"color: #008000\"><em>Y dicen que la gran amistad que hab\u00eda entre ambos se acab\u00f3 para los restos:<\/em><\/span><\/p>\n<p><span style=\"color: #008000\"><em>&#8211; Si existe distanciamiento es por su parte. Ya s\u00e9 que vine al Betis de la mano de Pepe Le\u00f3n, pero vine para servir al Betis, no a Pepe Le\u00f3n<\/em><\/span><\/p>\n<p><span style=\"color: #008000\"><em>Cuando entrevistaba a Miguel Espina acaba de saber que Pepe N\u00fa\u00f1ez apoyar\u00eda a Gerardo Mart\u00ednez, y que lo hac\u00eda saber mediante carta al electorado. Visceralmente b\u00e9tico, serio y con un talante que le honra, Espina puso su mejor cara al contratiempo:<\/em><\/span><\/p>\n<p><span style=\"color: #008000\"><em>&#8211; Si N\u00fa\u00f1ez apoya a Gerardo, a m\u00ed me apoyan b\u00e9ticos de gran categor\u00eda, de much\u00edsima solera por edad y peso espec\u00edfico dentro del club. Lo \u00fanico que me importa de este tema es que tendr\u00e9 un voto menos, nada m\u00e1s<\/em><\/span><\/p>\n<p><span style=\"color: #008000\"><em>Y no cree que vaya a tener decisiva influencia en las urnas:<\/em><\/span><\/p>\n<p><span style=\"color: #008000\"><em>&#8211; Para m\u00ed que voy a ganar, aunque no me apoye Pepe N\u00fa\u00f1ez. \u00bfLa familia? Pues dice que si es mi gusto presentarme a la presidencia, all\u00e1 yo con mi problema<\/em><\/span><\/p>\n<p><span style=\"color: #008000\"><em>No parece que Espina hubiese pensado presentarse a la presidencia del Betis antes de que le empujase Mauduit:<\/em><\/span><\/p>\n<p><span style=\"color: #008000\"><em>&#8211; Nunca me gust\u00f3 so\u00f1ar, pero siempre pens\u00e9 en llegar a lo m\u00e1s alto en el beticismo. Me gusta y quiero ahora ser presidente porque estoy convencido de que puedo hacerlo muy bien<\/em><\/span><\/p>\n<p><span style=\"color: #008000\"><em>En estos cuatro a\u00f1os habr\u00e1 aprendido Espina muchas cosas de los entrebastidores futbol\u00edsticos:<\/em><\/span><\/p>\n<p><span style=\"color: #008000\"><em>&#8211; Aprend\u00ed muchas cosas, pero yo siempre he vivido el f\u00fatbol con mucha intensidad. Me ha servido este tiempo para conocer mejor las interioridades del Betis y en el club saben, empleados, t\u00e9cnicos y jugadores, que tienen a un amigo en Miguel Espina<\/em><\/span><\/p>\n<p><span style=\"color: #008000\"><em>Hay algunos cargos de indudable incidencia en el funcionamiento de un club. Por ejemplo, el de gerente.<\/em><\/span><\/p>\n<p><span style=\"color: #008000\"><em>&#8211; Ah\u00ed seguir\u00e1 estando Antonio Picchi hasta el final de mi mandato, pero s\u00f3lo si cumple exclusivamente con las labores propias del cargo<\/em><\/span><\/p>\n<p><span style=\"color: #008000\"><em>La secretar\u00eda t\u00e9cnica\u2026<\/em><\/span><\/p>\n<p><span style=\"color: #008000\"><em>&#8211; Tenemos en Pedro Buenaventura el hombre id\u00f3neo, aunque voy a quitarle el brazalete de delegado de campo o de equipo en los viajes. \u00c9l va a contar con la colaboraci\u00f3n de Jos\u00e9 Mar\u00eda de la Concha, que lo har\u00e1 desinteresadamente<\/em><\/span><\/p>\n<p><span style=\"color: #008000\"><em>El banquillo\u2026<\/em><\/span><\/p>\n<p><span style=\"color: #008000\"><em>&#8211; Si salgo presidente consultar\u00e9 con Buenaventura y con Carde\u00f1osa para saber qu\u00e9 es lo mejor para el Betis<\/em><\/span><\/p>\n<p><em>\u00a0<span style=\"color: #008000\">Traspasos\u2026<\/span><\/em><\/p>\n<p><span style=\"color: #008000\"><em>&#8211; Ninguno de los que sean necesarios van a traspasarse, por lo que ya pueden ir conociendo Gordillo y Rinc\u00f3n que van a seguir en el Betis, porque todo se lo deben al Betis<\/em><\/span><\/p>\n<p><span style=\"color: #008000\"><em>En este tiempo electoral, Espina ha visitado un gran n\u00famero de pe\u00f1as b\u00e9ticas:<\/em><\/span><\/p>\n<p><span style=\"color: #008000\"><em>&#8211; La acogida fue incre\u00edble en todas y me entusiasma porque ah\u00ed est\u00e1 la base y el futuro del Betis<\/em><\/span><\/p>\n<p><span style=\"color: #008000\"><em>Si sale, no le va a costar a Espina ir en representaci\u00f3n del Betis a m\u00e1s lugares que Mauduit:<\/em><\/span><\/p>\n<p><span style=\"color: #008000\"><em>&#8211; Por supuesto que no caer\u00e9 en el error de dejar la representaci\u00f3n a otro. Y que todos tengan por seguro que Miguel Espina ir\u00e1 a sitios que jam\u00e1s fueron visitados por el presidente del Betis<\/em><\/span><\/p>\n<p><em><span style=\"color: #008000\">En caso de no salir no tiene porqu\u00e9 hundirse el mundo:<\/span><\/em><\/p>\n<p><span style=\"color: #008000\"><em>&#8211; Ni much\u00edsimo menos. Lo que s\u00ed ser\u00e1 seguro es que el vencedor tendr\u00e1 en Miguel Espina un amigo y colaborador incondicional porque as\u00ed estar\u00e9 ayudando al Real Betis Balompi\u00e9. Nunca ser\u00eda de la oposici\u00f3n, no como alguno de los que ahora concurren a las urnas<\/em><\/span><\/p>","protected":false},"excerpt":{"rendered":"<p>\u00a0 Seguimos viendo las entrevistas a los candidatos a la presidencia b\u00e9tica en junio de 1983. En esta ocasi\u00f3n se trata de la realizada por el periodista Luis Carlos Peris y publicada en las p\u00e1ginas de Diario 16 Andaluc\u00eda a Miguel Espina Mart\u00edn, que representaba la l\u00ednea oficialista y de continuidad con la directiva de&#8230;<\/p>\n","protected":false},"author":5,"featured_media":89218,"comment_status":"open","ping_status":"open","sticky":false,"template":"","format":"standard","meta":{"_kad_post_transparent":"","_kad_post_title":"","_kad_post_layout":"","_kad_post_sidebar_id":"","_kad_post_content_style":"","_kad_post_vertical_padding":"","_kad_post_feature":"","_kad_post_feature_position":"","_kad_post_header":false,"_kad_post_footer":false,"_kad_post_classname":"","_jetpack_memberships_contains_paid_content":false,"footnotes":"","jetpack_publicize_message":"","jetpack_publicize_feature_enabled":true,"jetpack_social_post_already_shared":true,"jetpack_social_options":{"image_generator_settings":{"template":"highway","default_image_id":0,"font":"","enabled":false},"version":2}},"categories":[904,891,1],"tags":[4327,17468,3220,3652],"class_list":["post-89216","post","type-post","status-publish","format-standard","has-post-thumbnail","hentry","category-1980-1989","category-directivos-temas","category-portada","tag-4327","tag-elecciones-1983","tag-luis-carlos-peris","tag-miguel-espina-martin"],"jetpack_publicize_connections":[],"jetpack_featured_media_url":"https:\/\/i0.wp.com\/www.manquepierda.com\/historiarealbetis\/files\/2023\/05\/1983-06-05-Entrevista-Miguel-Espina-imagen-1.jpg?fit=399%2C567&ssl=1","jetpack_sharing_enabled":true,"jetpack_shortlink":"https:\/\/wp.me\/p1ij08-ncY","jetpack-related-posts":[],"_links":{"self":[{"href":"https:\/\/www.manquepierda.com\/historiarealbetis\/wp-json\/wp\/v2\/posts\/89216","targetHints":{"allow":["GET"]}}],"collection":[{"href":"https:\/\/www.manquepierda.com\/historiarealbetis\/wp-json\/wp\/v2\/posts"}],"about":[{"href":"https:\/\/www.manquepierda.com\/historiarealbetis\/wp-json\/wp\/v2\/types\/post"}],"author":[{"embeddable":true,"href":"https:\/\/www.manquepierda.com\/historiarealbetis\/wp-json\/wp\/v2\/users\/5"}],"replies":[{"embeddable":true,"href":"https:\/\/www.manquepierda.com\/historiarealbetis\/wp-json\/wp\/v2\/comments?post=89216"}],"version-history":[{"count":5,"href":"https:\/\/www.manquepierda.com\/historiarealbetis\/wp-json\/wp\/v2\/posts\/89216\/revisions"}],"predecessor-version":[{"id":89804,"href":"https:\/\/www.manquepierda.com\/historiarealbetis\/wp-json\/wp\/v2\/posts\/89216\/revisions\/89804"}],"wp:featuredmedia":[{"embeddable":true,"href":"https:\/\/www.manquepierda.com\/historiarealbetis\/wp-json\/wp\/v2\/media\/89218"}],"wp:attachment":[{"href":"https:\/\/www.manquepierda.com\/historiarealbetis\/wp-json\/wp\/v2\/media?parent=89216"}],"wp:term":[{"taxonomy":"category","embeddable":true,"href":"https:\/\/www.manquepierda.com\/historiarealbetis\/wp-json\/wp\/v2\/categories?post=89216"},{"taxonomy":"post_tag","embeddable":true,"href":"https:\/\/www.manquepierda.com\/historiarealbetis\/wp-json\/wp\/v2\/tags?post=89216"}],"curies":[{"name":"wp","href":"https:\/\/api.w.org\/{rel}","templated":true}]}}