{"id":89235,"date":"2023-06-09T12:00:00","date_gmt":"2023-06-09T10:00:00","guid":{"rendered":"https:\/\/www.manquepierda.com\/historiarealbetis\/?p=89235"},"modified":"2023-06-02T08:01:33","modified_gmt":"2023-06-02T06:01:33","slug":"hoy-hace-40-anos-nace-sergio-garcia","status":"publish","type":"post","link":"https:\/\/www.manquepierda.com\/historiarealbetis\/hoy-hace-40-anos-nace-sergio-garcia\/","title":{"rendered":"Hoy hace 40 a\u00f1os. Nace Sergio Garc\u00eda."},"content":{"rendered":"<div class=\"wp-block-image\">\n<figure class=\"aligncenter size-full\"><img data-recalc-dims=\"1\" loading=\"lazy\" decoding=\"async\" width=\"640\" height=\"692\" src=\"https:\/\/i0.wp.com\/www.manquepierda.com\/historiarealbetis\/files\/2023\/06\/9-1983-Nace-Sergio-Garcia.jpg?resize=640%2C692&#038;ssl=1\" alt=\"\" class=\"wp-image-89236\" srcset=\"https:\/\/i0.wp.com\/www.manquepierda.com\/historiarealbetis\/files\/2023\/06\/9-1983-Nace-Sergio-Garcia.jpg?w=640&amp;ssl=1 640w, https:\/\/i0.wp.com\/www.manquepierda.com\/historiarealbetis\/files\/2023\/06\/9-1983-Nace-Sergio-Garcia.jpg?resize=555%2C600&amp;ssl=1 555w, https:\/\/i0.wp.com\/www.manquepierda.com\/historiarealbetis\/files\/2023\/06\/9-1983-Nace-Sergio-Garcia.jpg?resize=203%2C220&amp;ssl=1 203w\" sizes=\"auto, (max-width: 640px) 100vw, 640px\" \/><\/figure>\n<\/div>\n\n<p><\/p>\n<p><span style=\"color: #008000\">El 9 de junio de 1983 nace en Barcelona Sergio Garc\u00eda De la Fuente, quien fuera jugador del Real Betis Balompi\u00e9 entre los a\u00f1os 2008 y 2010.<\/span><\/p>\n<p><span style=\"color: #008000\">Llegado al Betis desde el Zaragoza, dej\u00f3 constancia de su clase y su olfato goleador, a pesar de que su paso por el club coincidi\u00f3 con una etapa muy convulsa. Disput\u00f3 67 partidos oficiales, en los que marc\u00f3 22 goles.<\/span><\/p>","protected":false},"excerpt":{"rendered":"<p>El 9 de junio de 1983 nace en Barcelona Sergio Garc\u00eda De la Fuente, quien fuera jugador del Real Betis Balompi\u00e9 entre los a\u00f1os 2008 y 2010. Llegado al Betis desde el Zaragoza, dej\u00f3 constancia de su clase y su olfato goleador, a pesar de que su paso por el club coincidi\u00f3 con una etapa&#8230;<\/p>\n","protected":false},"author":5,"featured_media":89236,"comment_status":"open","ping_status":"open","sticky":false,"template":"","format":"standard","meta":{"_kad_post_transparent":"","_kad_post_title":"","_kad_post_layout":"","_kad_post_sidebar_id":"","_kad_post_content_style":"","_kad_post_vertical_padding":"","_kad_post_feature":"","_kad_post_feature_position":"","_kad_post_header":false,"_kad_post_footer":false,"_kad_post_classname":"","_jetpack_memberships_contains_paid_content":false,"footnotes":"","jetpack_publicize_message":"","jetpack_publicize_feature_enabled":true,"jetpack_social_post_already_shared":true,"jetpack_social_options":{"image_generator_settings":{"template":"highway","default_image_id":0,"font":"","enabled":false},"version":2}},"categories":[904,14583,1],"tags":[1048],"class_list":["post-89235","post","type-post","status-publish","format-standard","has-post-thumbnail","hentry","category-1980-1989","category-efemerides","category-portada","tag-sergio-garcia"],"jetpack_publicize_connections":[],"jetpack_featured_media_url":"https:\/\/i0.wp.com\/www.manquepierda.com\/historiarealbetis\/files\/2023\/06\/9-1983-Nace-Sergio-Garcia.jpg?fit=640%2C692&ssl=1","jetpack_sharing_enabled":true,"jetpack_shortlink":"https:\/\/wp.me\/p1ij08-ndh","jetpack-related-posts":[],"_links":{"self":[{"href":"https:\/\/www.manquepierda.com\/historiarealbetis\/wp-json\/wp\/v2\/posts\/89235","targetHints":{"allow":["GET"]}}],"collection":[{"href":"https:\/\/www.manquepierda.com\/historiarealbetis\/wp-json\/wp\/v2\/posts"}],"about":[{"href":"https:\/\/www.manquepierda.com\/historiarealbetis\/wp-json\/wp\/v2\/types\/post"}],"author":[{"embeddable":true,"href":"https:\/\/www.manquepierda.com\/historiarealbetis\/wp-json\/wp\/v2\/users\/5"}],"replies":[{"embeddable":true,"href":"https:\/\/www.manquepierda.com\/historiarealbetis\/wp-json\/wp\/v2\/comments?post=89235"}],"version-history":[{"count":2,"href":"https:\/\/www.manquepierda.com\/historiarealbetis\/wp-json\/wp\/v2\/posts\/89235\/revisions"}],"predecessor-version":[{"id":89238,"href":"https:\/\/www.manquepierda.com\/historiarealbetis\/wp-json\/wp\/v2\/posts\/89235\/revisions\/89238"}],"wp:featuredmedia":[{"embeddable":true,"href":"https:\/\/www.manquepierda.com\/historiarealbetis\/wp-json\/wp\/v2\/media\/89236"}],"wp:attachment":[{"href":"https:\/\/www.manquepierda.com\/historiarealbetis\/wp-json\/wp\/v2\/media?parent=89235"}],"wp:term":[{"taxonomy":"category","embeddable":true,"href":"https:\/\/www.manquepierda.com\/historiarealbetis\/wp-json\/wp\/v2\/categories?post=89235"},{"taxonomy":"post_tag","embeddable":true,"href":"https:\/\/www.manquepierda.com\/historiarealbetis\/wp-json\/wp\/v2\/tags?post=89235"}],"curies":[{"name":"wp","href":"https:\/\/api.w.org\/{rel}","templated":true}]}}