{"id":89262,"date":"2023-06-07T12:00:00","date_gmt":"2023-06-07T10:00:00","guid":{"rendered":"https:\/\/www.manquepierda.com\/historiarealbetis\/?p=89262"},"modified":"2024-08-11T18:15:42","modified_gmt":"2024-08-11T16:15:42","slug":"hoy-hace-45-anos-suspension-de-eduardo-anzarda","status":"publish","type":"post","link":"https:\/\/www.manquepierda.com\/historiarealbetis\/hoy-hace-45-anos-suspension-de-eduardo-anzarda\/","title":{"rendered":"Hoy hace 45 a\u00f1os. Suspensi\u00f3n de Eduardo Anzarda."},"content":{"rendered":"<div class=\"wp-block-image\">\n<figure class=\"aligncenter size-full is-resized\"><img data-recalc-dims=\"1\" loading=\"lazy\" decoding=\"async\" src=\"https:\/\/i0.wp.com\/www.manquepierda.com\/historiarealbetis\/files\/2023\/06\/7-1978-Suspension-de-Eduardo-Anzarda.jpg?resize=530%2C288&#038;ssl=1\" alt=\"\" class=\"wp-image-89263\" width=\"530\" height=\"288\" srcset=\"https:\/\/i0.wp.com\/www.manquepierda.com\/historiarealbetis\/files\/2023\/06\/7-1978-Suspension-de-Eduardo-Anzarda.jpg?w=412&amp;ssl=1 412w, https:\/\/i0.wp.com\/www.manquepierda.com\/historiarealbetis\/files\/2023\/06\/7-1978-Suspension-de-Eduardo-Anzarda.jpg?resize=220%2C120&amp;ssl=1 220w\" sizes=\"auto, (max-width: 530px) 100vw, 530px\" \/><\/figure>\n<\/div>\n\n<p><\/p>\n<p><span style=\"color: #008000\">El 7 de junio de 1978 se hace p\u00fablica la decisi\u00f3n del Comit\u00e9 de Competici\u00f3n de la RFEF de suspender a Eduardo Anzarda por un periodo de 8 meses por las irregularidades observadas en el partido Betis-Rayo Vallecano de la jornada 32 del Campeonato de Liga de Primera Divisi\u00f3n.<\/span><\/p>\n<p><span style=\"color: #008000\">Eduardo Anzarda, junto al jugador rayista Santiago Rial, fueron sancionados por un sospechoso intento de compra del partido, y no reaparecieron hasta marzo de 1979.<\/span><\/p>","protected":false},"excerpt":{"rendered":"<p>El 7 de junio de 1978 se hace p\u00fablica la decisi\u00f3n del Comit\u00e9 de Competici\u00f3n de la RFEF de suspender a Eduardo Anzarda por un periodo de 8 meses por las irregularidades observadas en el partido Betis-Rayo Vallecano de la jornada 32 del Campeonato de Liga de Primera Divisi\u00f3n. Eduardo Anzarda, junto al jugador rayista&#8230;<\/p>\n","protected":false},"author":5,"featured_media":89263,"comment_status":"open","ping_status":"open","sticky":false,"template":"","format":"standard","meta":{"_kad_post_transparent":"","_kad_post_title":"","_kad_post_layout":"","_kad_post_sidebar_id":"","_kad_post_content_style":"","_kad_post_vertical_padding":"","_kad_post_feature":"","_kad_post_feature_position":"","_kad_post_header":false,"_kad_post_footer":false,"_kad_post_classname":"","_jetpack_memberships_contains_paid_content":false,"footnotes":"","jetpack_publicize_message":"","jetpack_publicize_feature_enabled":true,"jetpack_social_post_already_shared":true,"jetpack_social_options":{"image_generator_settings":{"template":"highway","default_image_id":0,"font":"","enabled":false},"version":2}},"categories":[903,14583,1],"tags":[59,1179,17799],"class_list":["post-89262","post","type-post","status-publish","format-standard","has-post-thumbnail","hentry","category-1970-1979","category-efemerides","category-portada","tag-59","tag-eduardo-anzarda","tag-liga-primera-1977-78"],"jetpack_publicize_connections":[],"jetpack_featured_media_url":"https:\/\/i0.wp.com\/www.manquepierda.com\/historiarealbetis\/files\/2023\/06\/7-1978-Suspension-de-Eduardo-Anzarda.jpg?fit=412%2C224&ssl=1","jetpack_sharing_enabled":true,"jetpack_shortlink":"https:\/\/wp.me\/p1ij08-ndI","jetpack-related-posts":[],"_links":{"self":[{"href":"https:\/\/www.manquepierda.com\/historiarealbetis\/wp-json\/wp\/v2\/posts\/89262","targetHints":{"allow":["GET"]}}],"collection":[{"href":"https:\/\/www.manquepierda.com\/historiarealbetis\/wp-json\/wp\/v2\/posts"}],"about":[{"href":"https:\/\/www.manquepierda.com\/historiarealbetis\/wp-json\/wp\/v2\/types\/post"}],"author":[{"embeddable":true,"href":"https:\/\/www.manquepierda.com\/historiarealbetis\/wp-json\/wp\/v2\/users\/5"}],"replies":[{"embeddable":true,"href":"https:\/\/www.manquepierda.com\/historiarealbetis\/wp-json\/wp\/v2\/comments?post=89262"}],"version-history":[{"count":2,"href":"https:\/\/www.manquepierda.com\/historiarealbetis\/wp-json\/wp\/v2\/posts\/89262\/revisions"}],"predecessor-version":[{"id":89265,"href":"https:\/\/www.manquepierda.com\/historiarealbetis\/wp-json\/wp\/v2\/posts\/89262\/revisions\/89265"}],"wp:featuredmedia":[{"embeddable":true,"href":"https:\/\/www.manquepierda.com\/historiarealbetis\/wp-json\/wp\/v2\/media\/89263"}],"wp:attachment":[{"href":"https:\/\/www.manquepierda.com\/historiarealbetis\/wp-json\/wp\/v2\/media?parent=89262"}],"wp:term":[{"taxonomy":"category","embeddable":true,"href":"https:\/\/www.manquepierda.com\/historiarealbetis\/wp-json\/wp\/v2\/categories?post=89262"},{"taxonomy":"post_tag","embeddable":true,"href":"https:\/\/www.manquepierda.com\/historiarealbetis\/wp-json\/wp\/v2\/tags?post=89262"}],"curies":[{"name":"wp","href":"https:\/\/api.w.org\/{rel}","templated":true}]}}