{"id":89338,"date":"2023-06-14T10:00:00","date_gmt":"2023-06-14T08:00:00","guid":{"rendered":"https:\/\/www.manquepierda.com\/historiarealbetis\/?p=89338"},"modified":"2023-06-10T19:06:24","modified_gmt":"2023-06-10T17:06:24","slug":"paseo-en-coche-de-caballos-1980","status":"publish","type":"post","link":"https:\/\/www.manquepierda.com\/historiarealbetis\/paseo-en-coche-de-caballos-1980\/","title":{"rendered":"Paseo en coche de caballos 1980."},"content":{"rendered":"<div class=\"wp-block-image\">\n<figure class=\"aligncenter size-full\"><img data-recalc-dims=\"1\" loading=\"lazy\" decoding=\"async\" width=\"565\" height=\"481\" src=\"https:\/\/i0.wp.com\/www.manquepierda.com\/historiarealbetis\/files\/2023\/06\/Paseo-en-coche-de-caballos-1980-NMP-Don-Balon-236.jpg?resize=565%2C481&#038;ssl=1\" alt=\"\" class=\"wp-image-89339\" srcset=\"https:\/\/i0.wp.com\/www.manquepierda.com\/historiarealbetis\/files\/2023\/06\/Paseo-en-coche-de-caballos-1980-NMP-Don-Balon-236.jpg?w=565&amp;ssl=1 565w, https:\/\/i0.wp.com\/www.manquepierda.com\/historiarealbetis\/files\/2023\/06\/Paseo-en-coche-de-caballos-1980-NMP-Don-Balon-236.jpg?resize=220%2C187&amp;ssl=1 220w\" sizes=\"auto, (max-width: 565px) 100vw, 565px\" \/><\/figure>\n<\/div>\n\n<p><\/p>\n<p>La imagen que hoy traemos corresponde a un reportaje sobre el Betis publicado en la revista deportiva Don Bal\u00f3n en abril de 1980 centrado en la magn\u00edfica reacci\u00f3n que el equipo tuvo en la segunda vuelta de esa temporada, y que le llev\u00f3 de estar en puestos claros de descenso a finalizar la Liga en quinta posici\u00f3n.<\/p>\n<p>Una de la im\u00e1genes que ilustra este reportaje es la que vemos hoy con 3 jugadores verdiblancos, Julio Carde\u00f1osa, Javier L\u00f3pez y Enrique Mor\u00e1n, dando un paseo en coche de caballos por el centro de Sevilla.&nbsp;&nbsp;<\/p>","protected":false},"excerpt":{"rendered":"<p>La imagen que hoy traemos corresponde a un reportaje sobre el Betis publicado en la revista deportiva Don Bal\u00f3n en abril de 1980 centrado en la magn\u00edfica reacci\u00f3n que el equipo tuvo en la segunda vuelta de esa temporada, y que le llev\u00f3 de estar en puestos claros de descenso a finalizar la Liga en&#8230;<\/p>\n","protected":false},"author":5,"featured_media":89339,"comment_status":"open","ping_status":"open","sticky":false,"template":"","format":"standard","meta":{"_kad_post_transparent":"","_kad_post_title":"","_kad_post_layout":"","_kad_post_sidebar_id":"","_kad_post_content_style":"","_kad_post_vertical_padding":"","_kad_post_feature":"","_kad_post_feature_position":"","_kad_post_header":false,"_kad_post_footer":false,"_kad_post_classname":"","_jetpack_memberships_contains_paid_content":false,"footnotes":"","jetpack_publicize_message":"","jetpack_publicize_feature_enabled":true,"jetpack_social_post_already_shared":true,"jetpack_social_options":{"image_generator_settings":{"template":"highway","default_image_id":0,"font":"","enabled":false},"version":2}},"categories":[904,893,1],"tags":[2641,1093,1446,1178,1155],"class_list":["post-89338","post","type-post","status-publish","format-standard","has-post-thumbnail","hentry","category-1980-1989","category-jugadores-temas","category-portada","tag-1979-80","tag-1093","tag-enrique-moran","tag-javier-lopez","tag-julio-cardenosa"],"jetpack_publicize_connections":[],"jetpack_featured_media_url":"https:\/\/i0.wp.com\/www.manquepierda.com\/historiarealbetis\/files\/2023\/06\/Paseo-en-coche-de-caballos-1980-NMP-Don-Balon-236.jpg?fit=565%2C481&ssl=1","jetpack_sharing_enabled":true,"jetpack_shortlink":"https:\/\/wp.me\/p1ij08-neW","jetpack-related-posts":[],"_links":{"self":[{"href":"https:\/\/www.manquepierda.com\/historiarealbetis\/wp-json\/wp\/v2\/posts\/89338","targetHints":{"allow":["GET"]}}],"collection":[{"href":"https:\/\/www.manquepierda.com\/historiarealbetis\/wp-json\/wp\/v2\/posts"}],"about":[{"href":"https:\/\/www.manquepierda.com\/historiarealbetis\/wp-json\/wp\/v2\/types\/post"}],"author":[{"embeddable":true,"href":"https:\/\/www.manquepierda.com\/historiarealbetis\/wp-json\/wp\/v2\/users\/5"}],"replies":[{"embeddable":true,"href":"https:\/\/www.manquepierda.com\/historiarealbetis\/wp-json\/wp\/v2\/comments?post=89338"}],"version-history":[{"count":2,"href":"https:\/\/www.manquepierda.com\/historiarealbetis\/wp-json\/wp\/v2\/posts\/89338\/revisions"}],"predecessor-version":[{"id":89342,"href":"https:\/\/www.manquepierda.com\/historiarealbetis\/wp-json\/wp\/v2\/posts\/89338\/revisions\/89342"}],"wp:featuredmedia":[{"embeddable":true,"href":"https:\/\/www.manquepierda.com\/historiarealbetis\/wp-json\/wp\/v2\/media\/89339"}],"wp:attachment":[{"href":"https:\/\/www.manquepierda.com\/historiarealbetis\/wp-json\/wp\/v2\/media?parent=89338"}],"wp:term":[{"taxonomy":"category","embeddable":true,"href":"https:\/\/www.manquepierda.com\/historiarealbetis\/wp-json\/wp\/v2\/categories?post=89338"},{"taxonomy":"post_tag","embeddable":true,"href":"https:\/\/www.manquepierda.com\/historiarealbetis\/wp-json\/wp\/v2\/tags?post=89338"}],"curies":[{"name":"wp","href":"https:\/\/api.w.org\/{rel}","templated":true}]}}