{"id":89353,"date":"2023-06-17T12:00:00","date_gmt":"2023-06-17T10:00:00","guid":{"rendered":"https:\/\/www.manquepierda.com\/historiarealbetis\/?p=89353"},"modified":"2025-07-20T15:17:47","modified_gmt":"2025-07-20T13:17:47","slug":"hoy-hace-65-anos-fichaje-de-tomas-azpeitia","status":"publish","type":"post","link":"https:\/\/www.manquepierda.com\/historiarealbetis\/hoy-hace-65-anos-fichaje-de-tomas-azpeitia\/","title":{"rendered":"Hoy hace 65 a\u00f1os. Fichaje de Tom\u00e1s Azpeitia."},"content":{"rendered":"<div class=\"wp-block-image\">\n<figure class=\"aligncenter size-large\"><img data-recalc-dims=\"1\" loading=\"lazy\" decoding=\"async\" width=\"494\" height=\"700\" src=\"https:\/\/i0.wp.com\/www.manquepierda.com\/historiarealbetis\/files\/2023\/06\/Azpeitia-2.jpg?resize=494%2C700&#038;ssl=1\" alt=\"\" class=\"wp-image-89354\" srcset=\"https:\/\/i0.wp.com\/www.manquepierda.com\/historiarealbetis\/files\/2023\/06\/Azpeitia-2.jpg?resize=494%2C700&amp;ssl=1 494w, https:\/\/i0.wp.com\/www.manquepierda.com\/historiarealbetis\/files\/2023\/06\/Azpeitia-2.jpg?resize=424%2C600&amp;ssl=1 424w, https:\/\/i0.wp.com\/www.manquepierda.com\/historiarealbetis\/files\/2023\/06\/Azpeitia-2.jpg?resize=155%2C220&amp;ssl=1 155w, https:\/\/i0.wp.com\/www.manquepierda.com\/historiarealbetis\/files\/2023\/06\/Azpeitia-2.jpg?resize=768%2C1088&amp;ssl=1 768w, https:\/\/i0.wp.com\/www.manquepierda.com\/historiarealbetis\/files\/2023\/06\/Azpeitia-2.jpg?w=848&amp;ssl=1 848w\" sizes=\"auto, (max-width: 494px) 100vw, 494px\" \/><\/figure>\n<\/div>\n\n<p><\/p>\n<p><span style=\"color: #008000\">El 17 de junio de 1958 se concreta el fichaje por el Real Betis Balompi\u00e9 de Tom\u00e1s Azpeitia P\u00e9rez, un futbolista gallego de 23 a\u00f1os que llegaba desde el Celta de Vigo.<\/span><\/p>\n<p><span style=\"color: #008000\">Delantero formado en las filas del Racing de Ferrol, y que firm\u00f3 por 3 temporadas con el Betis, jugando un total de 17 partidos oficiales, marcando 1 gol. &nbsp;<\/span><\/p>","protected":false},"excerpt":{"rendered":"<p>El 17 de junio de 1958 se concreta el fichaje por el Real Betis Balompi\u00e9 de Tom\u00e1s Azpeitia P\u00e9rez, un futbolista gallego de 23 a\u00f1os que llegaba desde el Celta de Vigo. Delantero formado en las filas del Racing de Ferrol, y que firm\u00f3 por 3 temporadas con el Betis, jugando un total de 17&#8230;<\/p>\n","protected":false},"author":5,"featured_media":89354,"comment_status":"open","ping_status":"open","sticky":false,"template":"","format":"standard","meta":{"_kad_post_transparent":"","_kad_post_title":"","_kad_post_layout":"","_kad_post_sidebar_id":"","_kad_post_content_style":"","_kad_post_vertical_padding":"","_kad_post_feature":"","_kad_post_feature_position":"","_kad_post_header":false,"_kad_post_footer":false,"_kad_post_classname":"","_jetpack_memberships_contains_paid_content":false,"footnotes":"","jetpack_publicize_message":"","jetpack_publicize_feature_enabled":true,"jetpack_social_post_already_shared":true,"jetpack_social_options":{"image_generator_settings":{"template":"highway","default_image_id":0,"font":"","enabled":false},"version":2}},"categories":[901,14583,1],"tags":[1237,13018,1580],"class_list":["post-89353","post","type-post","status-publish","format-standard","has-post-thumbnail","hentry","category-1950-1959","category-efemerides","category-portada","tag-1237","tag-real-club-celta-de-vigo","tag-tomas-azpeitia"],"jetpack_publicize_connections":[],"jetpack_featured_media_url":"https:\/\/i0.wp.com\/www.manquepierda.com\/historiarealbetis\/files\/2023\/06\/Azpeitia-2.jpg?fit=848%2C1201&ssl=1","jetpack_sharing_enabled":true,"jetpack_shortlink":"https:\/\/wp.me\/p1ij08-nfb","jetpack-related-posts":[],"_links":{"self":[{"href":"https:\/\/www.manquepierda.com\/historiarealbetis\/wp-json\/wp\/v2\/posts\/89353","targetHints":{"allow":["GET"]}}],"collection":[{"href":"https:\/\/www.manquepierda.com\/historiarealbetis\/wp-json\/wp\/v2\/posts"}],"about":[{"href":"https:\/\/www.manquepierda.com\/historiarealbetis\/wp-json\/wp\/v2\/types\/post"}],"author":[{"embeddable":true,"href":"https:\/\/www.manquepierda.com\/historiarealbetis\/wp-json\/wp\/v2\/users\/5"}],"replies":[{"embeddable":true,"href":"https:\/\/www.manquepierda.com\/historiarealbetis\/wp-json\/wp\/v2\/comments?post=89353"}],"version-history":[{"count":2,"href":"https:\/\/www.manquepierda.com\/historiarealbetis\/wp-json\/wp\/v2\/posts\/89353\/revisions"}],"predecessor-version":[{"id":89356,"href":"https:\/\/www.manquepierda.com\/historiarealbetis\/wp-json\/wp\/v2\/posts\/89353\/revisions\/89356"}],"wp:featuredmedia":[{"embeddable":true,"href":"https:\/\/www.manquepierda.com\/historiarealbetis\/wp-json\/wp\/v2\/media\/89354"}],"wp:attachment":[{"href":"https:\/\/www.manquepierda.com\/historiarealbetis\/wp-json\/wp\/v2\/media?parent=89353"}],"wp:term":[{"taxonomy":"category","embeddable":true,"href":"https:\/\/www.manquepierda.com\/historiarealbetis\/wp-json\/wp\/v2\/categories?post=89353"},{"taxonomy":"post_tag","embeddable":true,"href":"https:\/\/www.manquepierda.com\/historiarealbetis\/wp-json\/wp\/v2\/tags?post=89353"}],"curies":[{"name":"wp","href":"https:\/\/api.w.org\/{rel}","templated":true}]}}