{"id":89391,"date":"2023-06-21T12:00:00","date_gmt":"2023-06-21T10:00:00","guid":{"rendered":"https:\/\/www.manquepierda.com\/historiarealbetis\/?p=89391"},"modified":"2023-06-14T14:39:06","modified_gmt":"2023-06-14T12:39:06","slug":"hoy-hace-10-anos-presentacion-de-manuel-jesus-vazquez-chuli","status":"publish","type":"post","link":"https:\/\/www.manquepierda.com\/historiarealbetis\/hoy-hace-10-anos-presentacion-de-manuel-jesus-vazquez-chuli\/","title":{"rendered":"Hoy hace 10 a\u00f1os. Presentaci\u00f3n de Manuel Jes\u00fas V\u00e1zquez \u00abChuli\u00bb."},"content":{"rendered":"<div class=\"wp-block-image\">\n<figure class=\"aligncenter size-large\"><img data-recalc-dims=\"1\" loading=\"lazy\" decoding=\"async\" width=\"960\" height=\"641\" src=\"https:\/\/i0.wp.com\/www.manquepierda.com\/historiarealbetis\/files\/2023\/06\/21-2013-Presentacion-de-Chuli.jpg?resize=960%2C641&#038;ssl=1\" alt=\"\" class=\"wp-image-89392\" srcset=\"https:\/\/i0.wp.com\/www.manquepierda.com\/historiarealbetis\/files\/2023\/06\/21-2013-Presentacion-de-Chuli.jpg?resize=960%2C641&amp;ssl=1 960w, https:\/\/i0.wp.com\/www.manquepierda.com\/historiarealbetis\/files\/2023\/06\/21-2013-Presentacion-de-Chuli.jpg?resize=680%2C454&amp;ssl=1 680w, https:\/\/i0.wp.com\/www.manquepierda.com\/historiarealbetis\/files\/2023\/06\/21-2013-Presentacion-de-Chuli.jpg?resize=220%2C147&amp;ssl=1 220w, https:\/\/i0.wp.com\/www.manquepierda.com\/historiarealbetis\/files\/2023\/06\/21-2013-Presentacion-de-Chuli.jpg?resize=768%2C513&amp;ssl=1 768w, https:\/\/i0.wp.com\/www.manquepierda.com\/historiarealbetis\/files\/2023\/06\/21-2013-Presentacion-de-Chuli.jpg?w=980&amp;ssl=1 980w\" sizes=\"auto, (max-width: 960px) 100vw, 960px\" \/><\/figure>\n<\/div>\n\n\n\n<p><\/p>\n<p><span style=\"color: #008000\">El 21 de junio de 2013 es presentado como nuevo jugador del Real Betis Balompi\u00e9 el delantero Manuel Jes\u00fas V\u00e1zquez Florido \u201cChuli\u201d.<\/span><\/p>\n<p><span style=\"color: #008000\">A sus 22 a\u00f1os llegaba desde el Recreativo de Huelva, tras pagar el Betis su cl\u00e1usula de 600 mil euros. En su \u00fanica temporada en el Betis disput\u00f3 26 partidos oficiales, marcando 1 gol.<\/span><\/p>","protected":false},"excerpt":{"rendered":"<p>El 21 de junio de 2013 es presentado como nuevo jugador del Real Betis Balompi\u00e9 el delantero Manuel Jes\u00fas V\u00e1zquez Florido \u201cChuli\u201d. A sus 22 a\u00f1os llegaba desde el Recreativo de Huelva, tras pagar el Betis su cl\u00e1usula de 600 mil euros. En su \u00fanica temporada en el Betis disput\u00f3 26 partidos oficiales, marcando 1&#8230;<\/p>\n","protected":false},"author":5,"featured_media":89392,"comment_status":"open","ping_status":"open","sticky":false,"template":"","format":"standard","meta":{"_kad_post_transparent":"","_kad_post_title":"","_kad_post_layout":"","_kad_post_sidebar_id":"","_kad_post_content_style":"","_kad_post_vertical_padding":"","_kad_post_feature":"","_kad_post_feature_position":"","_kad_post_header":false,"_kad_post_footer":false,"_kad_post_classname":"","_jetpack_memberships_contains_paid_content":false,"footnotes":"","jetpack_publicize_message":"","jetpack_publicize_feature_enabled":true,"jetpack_social_post_already_shared":true,"jetpack_social_options":{"image_generator_settings":{"template":"highway","default_image_id":0,"font":"","enabled":false},"version":2}},"categories":[15447,14583,1],"tags":[16967,11915],"class_list":["post-89391","post","type-post","status-publish","format-standard","has-post-thumbnail","hentry","category-2010-2019","category-efemerides","category-portada","tag-16967","tag-manuel-jesus-vazquez-chuli"],"jetpack_publicize_connections":[],"jetpack_featured_media_url":"https:\/\/i0.wp.com\/www.manquepierda.com\/historiarealbetis\/files\/2023\/06\/21-2013-Presentacion-de-Chuli.jpg?fit=980%2C654&ssl=1","jetpack_sharing_enabled":true,"jetpack_shortlink":"https:\/\/wp.me\/p1ij08-nfN","jetpack-related-posts":[],"_links":{"self":[{"href":"https:\/\/www.manquepierda.com\/historiarealbetis\/wp-json\/wp\/v2\/posts\/89391","targetHints":{"allow":["GET"]}}],"collection":[{"href":"https:\/\/www.manquepierda.com\/historiarealbetis\/wp-json\/wp\/v2\/posts"}],"about":[{"href":"https:\/\/www.manquepierda.com\/historiarealbetis\/wp-json\/wp\/v2\/types\/post"}],"author":[{"embeddable":true,"href":"https:\/\/www.manquepierda.com\/historiarealbetis\/wp-json\/wp\/v2\/users\/5"}],"replies":[{"embeddable":true,"href":"https:\/\/www.manquepierda.com\/historiarealbetis\/wp-json\/wp\/v2\/comments?post=89391"}],"version-history":[{"count":2,"href":"https:\/\/www.manquepierda.com\/historiarealbetis\/wp-json\/wp\/v2\/posts\/89391\/revisions"}],"predecessor-version":[{"id":89394,"href":"https:\/\/www.manquepierda.com\/historiarealbetis\/wp-json\/wp\/v2\/posts\/89391\/revisions\/89394"}],"wp:featuredmedia":[{"embeddable":true,"href":"https:\/\/www.manquepierda.com\/historiarealbetis\/wp-json\/wp\/v2\/media\/89392"}],"wp:attachment":[{"href":"https:\/\/www.manquepierda.com\/historiarealbetis\/wp-json\/wp\/v2\/media?parent=89391"}],"wp:term":[{"taxonomy":"category","embeddable":true,"href":"https:\/\/www.manquepierda.com\/historiarealbetis\/wp-json\/wp\/v2\/categories?post=89391"},{"taxonomy":"post_tag","embeddable":true,"href":"https:\/\/www.manquepierda.com\/historiarealbetis\/wp-json\/wp\/v2\/tags?post=89391"}],"curies":[{"name":"wp","href":"https:\/\/api.w.org\/{rel}","templated":true}]}}