{"id":89399,"date":"2023-06-16T09:51:00","date_gmt":"2023-06-16T07:51:00","guid":{"rendered":"https:\/\/www.manquepierda.com\/historiarealbetis\/?p=89399"},"modified":"2024-09-04T18:46:19","modified_gmt":"2024-09-04T16:46:19","slug":"colas-en-el-villamarin-para-el-exilio-malagueno-1996","status":"publish","type":"post","link":"https:\/\/www.manquepierda.com\/historiarealbetis\/colas-en-el-villamarin-para-el-exilio-malagueno-1996\/","title":{"rendered":"Colas en el Villamar\u00edn para el exilio malague\u00f1o. 1996"},"content":{"rendered":"<div class=\"wp-block-image\">\n<figure class=\"aligncenter size-large\"><img data-recalc-dims=\"1\" loading=\"lazy\" decoding=\"async\" width=\"960\" height=\"607\" src=\"https:\/\/i0.wp.com\/www.manquepierda.com\/historiarealbetis\/files\/2023\/06\/Colas-en-el-Villamarin-1996-NMP-Diario-16-14-03-1996.jpg?resize=960%2C607&#038;ssl=1\" alt=\"\" class=\"wp-image-89400\" srcset=\"https:\/\/i0.wp.com\/www.manquepierda.com\/historiarealbetis\/files\/2023\/06\/Colas-en-el-Villamarin-1996-NMP-Diario-16-14-03-1996-scaled.jpg?resize=960%2C607&amp;ssl=1 960w, https:\/\/i0.wp.com\/www.manquepierda.com\/historiarealbetis\/files\/2023\/06\/Colas-en-el-Villamarin-1996-NMP-Diario-16-14-03-1996-scaled.jpg?resize=680%2C430&amp;ssl=1 680w, https:\/\/i0.wp.com\/www.manquepierda.com\/historiarealbetis\/files\/2023\/06\/Colas-en-el-Villamarin-1996-NMP-Diario-16-14-03-1996-scaled.jpg?resize=220%2C139&amp;ssl=1 220w, https:\/\/i0.wp.com\/www.manquepierda.com\/historiarealbetis\/files\/2023\/06\/Colas-en-el-Villamarin-1996-NMP-Diario-16-14-03-1996-scaled.jpg?resize=768%2C485&amp;ssl=1 768w\" sizes=\"auto, (max-width: 960px) 100vw, 960px\" \/><\/figure>\n<\/div>\n\n<p><\/p>\n<p>13 de marzo de 1996. Colas en los exteriores de las taquillas de Preferencia en un d\u00eda lluvioso, en el que&nbsp; se pusieron a la venta unas 2.000 entradas para el Betis-Salamanca de la jornada 31 del Campeonato de Liga de Primera Divisi\u00f3n que deb\u00eda disputarse en el estadio malague\u00f1o de La Rosaleda. Tambi\u00e9n se canjeaban los abonos de los socios b\u00e9ticos por entradas para dicho encuentro en M\u00e1laga.<\/p>\n<p>El Villamar\u00edn hab\u00eda sido sancionado con el cierre por un partido tras los incidentes acaecidos en enero en el partido de vuelta de los octavos de final de Copa por el desafortunado y parcial arbitraje de Rubio Valdivieso. Tras los correspondientes recursos el Comit\u00e9 Espa\u00f1ol de Disciplina Deportiva fall\u00f3 en contra del Betis el 8 de marzo, por lo que el Betis se dispuso a cumplir el partido de sanci\u00f3n en La Rosaleda, seg\u00fan hab\u00eda sido elegido por la afici\u00f3n en una consulta realizada en febrero.<\/p>\n<p>Cuando todo parec\u00eda ya m\u00e1s que dispuesto una resoluci\u00f3n del gobernador civil de M\u00e1laga deneg\u00f3 el permiso para disputar el partido, ante la ausencia de tornos autom\u00e1ticos en las puertas de La Rosaleda, tal como establec\u00eda el reglamento del f\u00fatbol profesional. Hay que recordar que esa temporada el M\u00e1laga CF militaba en Segunda B, donde no era obligatoria la existencia de esos tornos.<\/p>\n<p>Finalmente el partido contra el Salamanca se jug\u00f3 el 17 de marzo en el Villamar\u00edn, quedando pendiente la sanci\u00f3n para el mes de abril.&nbsp;<\/p>","protected":false},"excerpt":{"rendered":"<p>13 de marzo de 1996. Colas en los exteriores de las taquillas de Preferencia en un d\u00eda lluvioso, en el que&nbsp; se pusieron a la venta unas 2.000 entradas para el Betis-Salamanca de la jornada 31 del Campeonato de Liga de Primera Divisi\u00f3n que deb\u00eda disputarse en el estadio malague\u00f1o de La Rosaleda. Tambi\u00e9n se&#8230;<\/p>\n","protected":false},"author":5,"featured_media":89400,"comment_status":"open","ping_status":"open","sticky":false,"template":"","format":"standard","meta":{"_kad_post_transparent":"","_kad_post_title":"","_kad_post_layout":"","_kad_post_sidebar_id":"","_kad_post_content_style":"","_kad_post_vertical_padding":"","_kad_post_feature":"","_kad_post_feature_position":"","_kad_post_header":false,"_kad_post_footer":false,"_kad_post_classname":"","_jetpack_memberships_contains_paid_content":false,"footnotes":"","jetpack_publicize_message":"","jetpack_publicize_feature_enabled":true,"jetpack_social_post_already_shared":true,"jetpack_social_options":{"image_generator_settings":{"template":"highway","default_image_id":0,"font":"","enabled":false},"version":2}},"categories":[905,1],"tags":[3046,3291,355,17879],"class_list":["post-89399","post","type-post","status-publish","format-standard","has-post-thumbnail","hentry","category-1990-1999","category-portada","tag-1995-96","tag-3291","tag-estadio-benito-villamarin","tag-liga-primera-1995-96"],"jetpack_publicize_connections":[],"jetpack_featured_media_url":"https:\/\/i0.wp.com\/www.manquepierda.com\/historiarealbetis\/files\/2023\/06\/Colas-en-el-Villamarin-1996-NMP-Diario-16-14-03-1996-scaled.jpg?fit=2560%2C1618&ssl=1","jetpack_sharing_enabled":true,"jetpack_shortlink":"https:\/\/wp.me\/p1ij08-nfV","jetpack-related-posts":[],"_links":{"self":[{"href":"https:\/\/www.manquepierda.com\/historiarealbetis\/wp-json\/wp\/v2\/posts\/89399","targetHints":{"allow":["GET"]}}],"collection":[{"href":"https:\/\/www.manquepierda.com\/historiarealbetis\/wp-json\/wp\/v2\/posts"}],"about":[{"href":"https:\/\/www.manquepierda.com\/historiarealbetis\/wp-json\/wp\/v2\/types\/post"}],"author":[{"embeddable":true,"href":"https:\/\/www.manquepierda.com\/historiarealbetis\/wp-json\/wp\/v2\/users\/5"}],"replies":[{"embeddable":true,"href":"https:\/\/www.manquepierda.com\/historiarealbetis\/wp-json\/wp\/v2\/comments?post=89399"}],"version-history":[{"count":2,"href":"https:\/\/www.manquepierda.com\/historiarealbetis\/wp-json\/wp\/v2\/posts\/89399\/revisions"}],"predecessor-version":[{"id":89402,"href":"https:\/\/www.manquepierda.com\/historiarealbetis\/wp-json\/wp\/v2\/posts\/89399\/revisions\/89402"}],"wp:featuredmedia":[{"embeddable":true,"href":"https:\/\/www.manquepierda.com\/historiarealbetis\/wp-json\/wp\/v2\/media\/89400"}],"wp:attachment":[{"href":"https:\/\/www.manquepierda.com\/historiarealbetis\/wp-json\/wp\/v2\/media?parent=89399"}],"wp:term":[{"taxonomy":"category","embeddable":true,"href":"https:\/\/www.manquepierda.com\/historiarealbetis\/wp-json\/wp\/v2\/categories?post=89399"},{"taxonomy":"post_tag","embeddable":true,"href":"https:\/\/www.manquepierda.com\/historiarealbetis\/wp-json\/wp\/v2\/tags?post=89399"}],"curies":[{"name":"wp","href":"https:\/\/api.w.org\/{rel}","templated":true}]}}