{"id":89526,"date":"2023-06-26T10:01:00","date_gmt":"2023-06-26T08:01:00","guid":{"rendered":"https:\/\/www.manquepierda.com\/historiarealbetis\/?p=89526"},"modified":"2023-06-24T10:10:33","modified_gmt":"2023-06-24T08:10:33","slug":"entrevista-eduardo-schmidt-edu-2009","status":"publish","type":"post","link":"https:\/\/www.manquepierda.com\/historiarealbetis\/entrevista-eduardo-schmidt-edu-2009\/","title":{"rendered":"Entrevista Eduardo Schmidt \u00abEdu\u00bb 2009"},"content":{"rendered":"<div class=\"wp-block-image\">\n<figure class=\"aligncenter size-full\"><img data-recalc-dims=\"1\" loading=\"lazy\" decoding=\"async\" width=\"700\" height=\"447\" src=\"https:\/\/i0.wp.com\/www.manquepierda.com\/historiarealbetis\/files\/2023\/06\/Entrevista-Edu-2009-AS-30-03-2009.jpg?resize=700%2C447&#038;ssl=1\" alt=\"\" class=\"wp-image-89527\" srcset=\"https:\/\/i0.wp.com\/www.manquepierda.com\/historiarealbetis\/files\/2023\/06\/Entrevista-Edu-2009-AS-30-03-2009.jpg?w=700&amp;ssl=1 700w, https:\/\/i0.wp.com\/www.manquepierda.com\/historiarealbetis\/files\/2023\/06\/Entrevista-Edu-2009-AS-30-03-2009.jpg?resize=680%2C434&amp;ssl=1 680w, https:\/\/i0.wp.com\/www.manquepierda.com\/historiarealbetis\/files\/2023\/06\/Entrevista-Edu-2009-AS-30-03-2009.jpg?resize=220%2C140&amp;ssl=1 220w\" sizes=\"auto, (max-width: 700px) 100vw, 700px\" \/><\/figure>\n<\/div>\n\n<p><\/p>\n<p>La temporada 2008-09 no fue buena para Edu en el Betis. Una importante lesi\u00f3n lo tuvo pr\u00e1cticamente inactivo hasta comienzos de abril, en la que fue su \u00faltima temporada en el conjunto b\u00e9tico, tras cinco campa\u00f1as, y que se sald\u00f3 con un fracaso colectivo importante con el descenso a Segunda Divisi\u00f3n.<\/p>\n<p>Esta entrevista, a cargo del periodista Carlos Cari\u00f1o, se public\u00f3 en el diario deportivo AS en las v\u00edsperas de su reaparici\u00f3n, que ser\u00eda en casa frente al Numancia tras casi 6 meses de inactividad.<\/p>\n<ul>\n<li><span style=\"color: #008000\"><em>\u00bfEst\u00e1 ya absolutamente recuperado?<\/em><\/span><\/li>\n<li><span style=\"color: #008000\"><em>Me encuentro muy bien. Cada d\u00eda que pasa voy recuperando la forma, aunque me falta l\u00f3gicamente el ritmo de partidos. En los \u00faltimos d\u00edas me estoy entrenando m\u00e1s las salidas explosivas y las cosas que me faltaban explotar. Lo que quiero es estar a punto para que cuando el entrenador lo considere oportuno pueda saltar al terreno de juego.<\/em><\/span><\/li>\n<li><span style=\"color: #008000\"><em>Ser\u00e1 consciente de que todo el beticismo est\u00e1 ansioso porque vuelva a jugar.<\/em><\/span><\/li>\n<li><span style=\"color: #008000\"><em>Y yo m\u00e1s. Mi pasi\u00f3n es jugar al f\u00fatbol y hacerlo en el Betis es algo especial por c\u00f3mo se pone nuestro estadio. Eso hay que aprovecharlo y cambiar la mala din\u00e1mica de resultados como locales. Debemos ser muy fuertes cuando jugamos en nuestra casa.<\/em><\/span><\/li>\n<li><span style=\"color: #008000\"><em>\u00bfY por qu\u00e9 llevan s\u00f3lo dos victorias en el Ruiz de Lopera?<\/em><\/span><\/li>\n<li><span style=\"color: #008000\"><em>Eso es algo inexplicable y que tiene que cambiar. Los a\u00f1os que hemos triunfado se han basado en los \u00e9xitos como locales. Fuera puntu\u00e1bamos, pero la diferencia estaba en sumar mucho en el Ruiz de Lopera.<\/em><\/span><\/li>\n<li><span style=\"color: #008000\"><em>\u00bfQu\u00e9 le pasa a este Betis?<\/em><\/span><\/li>\n<li><span style=\"color: #008000\"><em>Es un c\u00famulo de cosas. Yo en este club he pasado momentos muy buenos o otros muy malos, peores que el actual. Esta plantilla es como una gran familia y lo que tenemos que hacer es arreglar nuestras cosas dentro del vestuario.<\/em><\/span><\/li>\n<li><span style=\"color: #008000\"><em>\u00bfQu\u00e9 es lo que se tiene que arreglar?<\/em><\/span><\/li>\n<li><span style=\"color: #008000\"><em>Muchas cosas. Cuando un equipo no est\u00e1 bien es que ocurren muchas cosas que deber\u00edan ser cambiadas. Pero por eso digo que hay que arreglarlo de puertas para dentro.<\/em><\/span><\/li>\n<li><span style=\"color: #008000\"><em>En lo positivo est\u00e1 el regreso de Ricardo Oliveira.<\/em><\/span><\/li>\n<li><span style=\"color: #008000\"><em>Es un delantero apetecible para cualquier equipo del mundo. Es r\u00e1pido y define muy bien y seguro que nos va a dar muchas alegr\u00edas.<\/em><\/span><\/li>\n<li><span style=\"color: #008000\"><em>\u00bfLo tuvo que convencer para que volviese?<\/em><\/span><\/li>\n<li><span style=\"color: #008000\"><em> Es cierto que desde que se fue mantuvimos una gran amistad. Cuando supe de la posibilidad de ficharlo habl\u00e9 con \u00e9l, aunque no hubo que convencerlo porque quer\u00eda venir y la decisi\u00f3n fue suya.<\/em><\/span><\/li>\n<li><span style=\"color: #008000\"><em>Tienen todo un equipazo en la zona de ataque.<\/em><\/span><\/li>\n<li><span style=\"color: #008000\"><em>Es cierto. Todos somos buenos futbolistas y juegue quien juegue tenemos un equipo bastante interesante. Pero tenemos que hacer un bloque fuerte en lo global para ser un equipo de verdad.<\/em><\/span><\/li>\n<li><span style=\"color: #008000\"><em>\u00bfCree que el entrenador no le est\u00e1 sacando todo el rendimiento posible al equipo o est\u00e1n teniendo mala suerte durante la campa\u00f1a?<\/em><\/span><\/li>\n<li><span style=\"color: #008000\"><em>No se puede hablar de mala suerte despu\u00e9s de toda una temporada. Cuando se est\u00e1 abajo es porque nos lo merecemos.<\/em><\/span><\/li>\n<li><span style=\"color: #008000\"><em>\u00bfCu\u00e1l es la pregunta que m\u00e1s le han hecho en los \u00faltimos meses?<\/em><\/span><\/li>\n<li><span style=\"color: #008000\"><em>Est\u00e1 claro que todo el mundo quiere saber cu\u00e1ndo volver\u00eda a jugar. Te dan \u00e1nimos, pero no sab\u00eda qu\u00e9 contestar porque no hab\u00eda respuesta.<\/em><\/span><\/li>\n<li><span style=\"color: #008000\"><em>La afici\u00f3n est\u00e1 deseando que renueve.<\/em><\/span><\/li>\n<li><span style=\"color: #008000\"><em>No quiero hablar de eso. Mi \u00fanico objetivo es volver a jugar. El resto ya se ver\u00e1.<\/em><\/span><\/li>\n<li><span style=\"color: #008000\"><em>\u00bfHa firmado con el Villarreal?<\/em><\/span><\/li>\n<li><span style=\"color: #008000\"><em> Quien demuestre que tenga algo firmado con alg\u00fan equipo le dar\u00e9 un premio.<\/em><\/span><\/li>\n<li><span style=\"color: #008000\"><em>Hay esperanzas entonces de renovar.<\/em><\/span><\/li>\n<li><span style=\"color: #008000\"><em>Muchas de esas preguntas deben responderlas en el club. Yo me dedico a jugar bien y despu\u00e9s los que dirigen pues que tomen decisiones.<\/em><\/span><\/li>\n<li><span style=\"color: #008000\"><em>\u00bfD\u00f3nde quiere jugar ahora en su vuelta?<\/em><\/span><\/li>\n<li><span style=\"color: #008000\"><em>Eso depende de muchas cosas. Desde que llegu\u00e9 a Espa\u00f1a he rotado por todas las zonas de la punta del ataque y por eso yo jugar\u00e9 donde me pongan.<\/em><\/span><\/li>\n<li><span style=\"color: #008000\"><em>Es el m\u00e1ximo goleador en activo de este club.<\/em><\/span><\/li>\n<li><span style=\"color: #008000\"><em>Eso me alegra. La temporada ha sido dura, pero quiero regresar a lo grande. Estando bien f\u00edsicamente puedo dar mucho y marcar goles.<\/em><\/span><\/li>\n<li><span style=\"color: #008000\"><em>\u00bfC\u00f3mo ve a Lopera tras su enfermedad?<\/em><\/span><\/li>\n<li><span style=\"color: #008000\"><em>Fui a verlo. Me alegro de que haya salido del hospital y lo m\u00e1s importante es que se recupere. Lo personal est\u00e1 antes que lo profesional.<\/em><\/span><\/li>\n<li><span style=\"color: #008000\"><em>\u00bfC\u00f3mo ve la Liga por arriba y por abajo?<\/em><\/span><\/li>\n<li><span style=\"color: #008000\"><em>Por arriba es dif\u00edcil que cojan al Barcelona y ah\u00ed la pelea est\u00e1 en la cuarta plaza. En la zona baja todo est\u00e1 mucho m\u00e1s comprimido. El que tenga m\u00e1s acierto y tranquilidad se salvar\u00e1.<\/em><\/span><\/li>\n<\/ul>\n<p><em>&nbsp;<\/em><\/p>","protected":false},"excerpt":{"rendered":"<p>La temporada 2008-09 no fue buena para Edu en el Betis. Una importante lesi\u00f3n lo tuvo pr\u00e1cticamente inactivo hasta comienzos de abril, en la que fue su \u00faltima temporada en el conjunto b\u00e9tico, tras cinco campa\u00f1as, y que se sald\u00f3 con un fracaso colectivo importante con el descenso a Segunda Divisi\u00f3n. Esta entrevista, a cargo&#8230;<\/p>\n","protected":false},"author":5,"featured_media":89527,"comment_status":"open","ping_status":"open","sticky":false,"template":"","format":"standard","meta":{"_kad_post_transparent":"","_kad_post_title":"","_kad_post_layout":"","_kad_post_sidebar_id":"","_kad_post_content_style":"","_kad_post_vertical_padding":"","_kad_post_feature":"","_kad_post_feature_position":"","_kad_post_header":false,"_kad_post_footer":false,"_kad_post_classname":"","_jetpack_memberships_contains_paid_content":false,"footnotes":"","jetpack_publicize_message":"","jetpack_publicize_feature_enabled":true,"jetpack_social_post_already_shared":true,"jetpack_social_options":{"image_generator_settings":{"template":"highway","default_image_id":0,"font":"","enabled":false},"version":2}},"categories":[4823,893,1],"tags":[9525,8877,17485,1075],"class_list":["post-89526","post","type-post","status-publish","format-standard","has-post-thumbnail","hentry","category-2000-2009","category-jugadores-temas","category-portada","tag-2008-09","tag-8877","tag-carlos-carino","tag-eduardo-schmidt-edu"],"jetpack_publicize_connections":[],"jetpack_featured_media_url":"https:\/\/i0.wp.com\/www.manquepierda.com\/historiarealbetis\/files\/2023\/06\/Entrevista-Edu-2009-AS-30-03-2009.jpg?fit=700%2C447&ssl=1","jetpack_sharing_enabled":true,"jetpack_shortlink":"https:\/\/wp.me\/p1ij08-nhY","jetpack-related-posts":[],"_links":{"self":[{"href":"https:\/\/www.manquepierda.com\/historiarealbetis\/wp-json\/wp\/v2\/posts\/89526","targetHints":{"allow":["GET"]}}],"collection":[{"href":"https:\/\/www.manquepierda.com\/historiarealbetis\/wp-json\/wp\/v2\/posts"}],"about":[{"href":"https:\/\/www.manquepierda.com\/historiarealbetis\/wp-json\/wp\/v2\/types\/post"}],"author":[{"embeddable":true,"href":"https:\/\/www.manquepierda.com\/historiarealbetis\/wp-json\/wp\/v2\/users\/5"}],"replies":[{"embeddable":true,"href":"https:\/\/www.manquepierda.com\/historiarealbetis\/wp-json\/wp\/v2\/comments?post=89526"}],"version-history":[{"count":2,"href":"https:\/\/www.manquepierda.com\/historiarealbetis\/wp-json\/wp\/v2\/posts\/89526\/revisions"}],"predecessor-version":[{"id":89529,"href":"https:\/\/www.manquepierda.com\/historiarealbetis\/wp-json\/wp\/v2\/posts\/89526\/revisions\/89529"}],"wp:featuredmedia":[{"embeddable":true,"href":"https:\/\/www.manquepierda.com\/historiarealbetis\/wp-json\/wp\/v2\/media\/89527"}],"wp:attachment":[{"href":"https:\/\/www.manquepierda.com\/historiarealbetis\/wp-json\/wp\/v2\/media?parent=89526"}],"wp:term":[{"taxonomy":"category","embeddable":true,"href":"https:\/\/www.manquepierda.com\/historiarealbetis\/wp-json\/wp\/v2\/categories?post=89526"},{"taxonomy":"post_tag","embeddable":true,"href":"https:\/\/www.manquepierda.com\/historiarealbetis\/wp-json\/wp\/v2\/tags?post=89526"}],"curies":[{"name":"wp","href":"https:\/\/api.w.org\/{rel}","templated":true}]}}