{"id":89542,"date":"2023-07-02T12:00:00","date_gmt":"2023-07-02T10:00:00","guid":{"rendered":"https:\/\/www.manquepierda.com\/historiarealbetis\/?p=89542"},"modified":"2023-06-25T18:27:21","modified_gmt":"2023-06-25T16:27:21","slug":"hoy-hace-10-anos-presentacion-de-stephan-andersen","status":"publish","type":"post","link":"https:\/\/www.manquepierda.com\/historiarealbetis\/hoy-hace-10-anos-presentacion-de-stephan-andersen\/","title":{"rendered":"Hoy hace 10 a\u00f1os. Presentaci\u00f3n de Stephan Andersen."},"content":{"rendered":"<div class=\"wp-block-image\">\n<figure class=\"aligncenter size-full\"><img data-recalc-dims=\"1\" loading=\"lazy\" decoding=\"async\" width=\"500\" height=\"300\" src=\"https:\/\/i0.wp.com\/www.manquepierda.com\/historiarealbetis\/files\/2023\/06\/02-2013-Presentacion-de-Stephan-Andersen.jpg?resize=500%2C300&#038;ssl=1\" alt=\"\" class=\"wp-image-89543\" srcset=\"https:\/\/i0.wp.com\/www.manquepierda.com\/historiarealbetis\/files\/2023\/06\/02-2013-Presentacion-de-Stephan-Andersen.jpg?w=500&amp;ssl=1 500w, https:\/\/i0.wp.com\/www.manquepierda.com\/historiarealbetis\/files\/2023\/06\/02-2013-Presentacion-de-Stephan-Andersen.jpg?resize=220%2C132&amp;ssl=1 220w\" sizes=\"auto, (max-width: 500px) 100vw, 500px\" \/><\/figure>\n<\/div>\n\n<p><\/p>\n<p><span style=\"color: #008000\">El 2 de julio de 2013 es presentado como nuevo jugador del Real Betis Balompi\u00e9 el guardameta dan\u00e9s Stephan Andersen, quien llega procedente del Evian franc\u00e9s.<\/span><\/p>\n<p><span style=\"color: #008000\">Portero internacional dan\u00e9s de 31 a\u00f1os que ficha por dos temporadas con opci\u00f3n a una tercera, pero que qued\u00f3 desvinculado del club en junio de 2014, tras disputar 15 partidos oficiales. &nbsp;<\/span><\/p>","protected":false},"excerpt":{"rendered":"<p>El 2 de julio de 2013 es presentado como nuevo jugador del Real Betis Balompi\u00e9 el guardameta dan\u00e9s Stephan Andersen, quien llega procedente del Evian franc\u00e9s. Portero internacional dan\u00e9s de 31 a\u00f1os que ficha por dos temporadas con opci\u00f3n a una tercera, pero que qued\u00f3 desvinculado del club en junio de 2014, tras disputar 15&#8230;<\/p>\n","protected":false},"author":5,"featured_media":89543,"comment_status":"open","ping_status":"open","sticky":false,"template":"","format":"standard","meta":{"_kad_post_transparent":"","_kad_post_title":"","_kad_post_layout":"","_kad_post_sidebar_id":"","_kad_post_content_style":"","_kad_post_vertical_padding":"","_kad_post_feature":"","_kad_post_feature_position":"","_kad_post_header":false,"_kad_post_footer":false,"_kad_post_classname":"","_jetpack_memberships_contains_paid_content":false,"footnotes":"","jetpack_publicize_message":"","jetpack_publicize_feature_enabled":true,"jetpack_social_post_already_shared":true,"jetpack_social_options":{"image_generator_settings":{"template":"highway","default_image_id":0,"font":"","enabled":false},"version":2}},"categories":[15447,14583,1],"tags":[16967,17488],"class_list":["post-89542","post","type-post","status-publish","format-standard","has-post-thumbnail","hentry","category-2010-2019","category-efemerides","category-portada","tag-16967","tag-stephan-andersen"],"jetpack_publicize_connections":[],"jetpack_featured_media_url":"https:\/\/i0.wp.com\/www.manquepierda.com\/historiarealbetis\/files\/2023\/06\/02-2013-Presentacion-de-Stephan-Andersen.jpg?fit=500%2C300&ssl=1","jetpack_sharing_enabled":true,"jetpack_shortlink":"https:\/\/wp.me\/p1ij08-nie","jetpack-related-posts":[],"_links":{"self":[{"href":"https:\/\/www.manquepierda.com\/historiarealbetis\/wp-json\/wp\/v2\/posts\/89542","targetHints":{"allow":["GET"]}}],"collection":[{"href":"https:\/\/www.manquepierda.com\/historiarealbetis\/wp-json\/wp\/v2\/posts"}],"about":[{"href":"https:\/\/www.manquepierda.com\/historiarealbetis\/wp-json\/wp\/v2\/types\/post"}],"author":[{"embeddable":true,"href":"https:\/\/www.manquepierda.com\/historiarealbetis\/wp-json\/wp\/v2\/users\/5"}],"replies":[{"embeddable":true,"href":"https:\/\/www.manquepierda.com\/historiarealbetis\/wp-json\/wp\/v2\/comments?post=89542"}],"version-history":[{"count":2,"href":"https:\/\/www.manquepierda.com\/historiarealbetis\/wp-json\/wp\/v2\/posts\/89542\/revisions"}],"predecessor-version":[{"id":89545,"href":"https:\/\/www.manquepierda.com\/historiarealbetis\/wp-json\/wp\/v2\/posts\/89542\/revisions\/89545"}],"wp:featuredmedia":[{"embeddable":true,"href":"https:\/\/www.manquepierda.com\/historiarealbetis\/wp-json\/wp\/v2\/media\/89543"}],"wp:attachment":[{"href":"https:\/\/www.manquepierda.com\/historiarealbetis\/wp-json\/wp\/v2\/media?parent=89542"}],"wp:term":[{"taxonomy":"category","embeddable":true,"href":"https:\/\/www.manquepierda.com\/historiarealbetis\/wp-json\/wp\/v2\/categories?post=89542"},{"taxonomy":"post_tag","embeddable":true,"href":"https:\/\/www.manquepierda.com\/historiarealbetis\/wp-json\/wp\/v2\/tags?post=89542"}],"curies":[{"name":"wp","href":"https:\/\/api.w.org\/{rel}","templated":true}]}}