{"id":89649,"date":"2023-07-04T12:00:00","date_gmt":"2023-07-04T10:00:00","guid":{"rendered":"https:\/\/www.manquepierda.com\/historiarealbetis\/?p=89649"},"modified":"2023-06-28T08:11:55","modified_gmt":"2023-06-28T06:11:55","slug":"hoy-hace-80-anos-andres-aranda-nuevo-entrenador","status":"publish","type":"post","link":"https:\/\/www.manquepierda.com\/historiarealbetis\/hoy-hace-80-anos-andres-aranda-nuevo-entrenador\/","title":{"rendered":"Hoy hace 80 a\u00f1os. Andr\u00e9s Aranda, nuevo entrenador."},"content":{"rendered":"<div class=\"wp-block-image\">\n<figure class=\"aligncenter size-large\"><img data-recalc-dims=\"1\" loading=\"lazy\" decoding=\"async\" width=\"342\" height=\"700\" src=\"https:\/\/i0.wp.com\/www.manquepierda.com\/historiarealbetis\/files\/2023\/06\/4-1943-Andres-Aranda-nuevo-entrenador-342x700.jpg?resize=342%2C700&#038;ssl=1\" alt=\"\" class=\"wp-image-89650\" srcset=\"https:\/\/i0.wp.com\/www.manquepierda.com\/historiarealbetis\/files\/2023\/06\/4-1943-Andres-Aranda-nuevo-entrenador.jpg?resize=342%2C700&amp;ssl=1 342w, https:\/\/i0.wp.com\/www.manquepierda.com\/historiarealbetis\/files\/2023\/06\/4-1943-Andres-Aranda-nuevo-entrenador.jpg?resize=293%2C600&amp;ssl=1 293w, https:\/\/i0.wp.com\/www.manquepierda.com\/historiarealbetis\/files\/2023\/06\/4-1943-Andres-Aranda-nuevo-entrenador.jpg?resize=108%2C220&amp;ssl=1 108w, https:\/\/i0.wp.com\/www.manquepierda.com\/historiarealbetis\/files\/2023\/06\/4-1943-Andres-Aranda-nuevo-entrenador.jpg?resize=768%2C1570&amp;ssl=1 768w, https:\/\/i0.wp.com\/www.manquepierda.com\/historiarealbetis\/files\/2023\/06\/4-1943-Andres-Aranda-nuevo-entrenador.jpg?w=833&amp;ssl=1 833w\" sizes=\"auto, (max-width: 342px) 100vw, 342px\" \/><\/figure>\n<\/div>\n\n<p><\/p>\n<p><span style=\"color: #008000\">El 4 de julio de 1943 Andr\u00e9s Aranda firma su contrato como entrenador del Real Betis Balompi\u00e9 para la temporada 1943-44.<\/span><\/p>\n<p><span style=\"color: #008000\">Con 38 a\u00f1os y tras 2 temporadas exitosas al frente del Xerez, Aranda volv\u00eda al Betis a quien ya hab\u00eda entrenado entre 1935 y 1940, y en donde jug\u00f3 entre 1921 y 1933.<\/span> &nbsp;&nbsp;&nbsp;<\/p>","protected":false},"excerpt":{"rendered":"<p>El 4 de julio de 1943 Andr\u00e9s Aranda firma su contrato como entrenador del Real Betis Balompi\u00e9 para la temporada 1943-44. Con 38 a\u00f1os y tras 2 temporadas exitosas al frente del Xerez, Aranda volv\u00eda al Betis a quien ya hab\u00eda entrenado entre 1935 y 1940, y en donde jug\u00f3 entre 1921 y 1933. &nbsp;&nbsp;&nbsp;<\/p>\n","protected":false},"author":5,"featured_media":89650,"comment_status":"open","ping_status":"open","sticky":false,"template":"","format":"standard","meta":{"_kad_post_transparent":"","_kad_post_title":"","_kad_post_layout":"","_kad_post_sidebar_id":"","_kad_post_content_style":"","_kad_post_vertical_padding":"","_kad_post_feature":"","_kad_post_feature_position":"","_kad_post_header":false,"_kad_post_footer":false,"_kad_post_classname":"","_jetpack_memberships_contains_paid_content":false,"footnotes":"","jetpack_publicize_message":"","jetpack_publicize_feature_enabled":true,"jetpack_social_post_already_shared":true,"jetpack_social_options":{"image_generator_settings":{"template":"highway","default_image_id":0,"font":"","enabled":false},"version":2}},"categories":[900,14583,1],"tags":[51,106],"class_list":["post-89649","post","type-post","status-publish","format-standard","has-post-thumbnail","hentry","category-1940-1949","category-efemerides","category-portada","tag-51","tag-andres-aranda"],"jetpack_publicize_connections":[],"jetpack_featured_media_url":"https:\/\/i0.wp.com\/www.manquepierda.com\/historiarealbetis\/files\/2023\/06\/4-1943-Andres-Aranda-nuevo-entrenador.jpg?fit=833%2C1703&ssl=1","jetpack_sharing_enabled":true,"jetpack_shortlink":"https:\/\/wp.me\/p1ij08-njX","jetpack-related-posts":[],"_links":{"self":[{"href":"https:\/\/www.manquepierda.com\/historiarealbetis\/wp-json\/wp\/v2\/posts\/89649","targetHints":{"allow":["GET"]}}],"collection":[{"href":"https:\/\/www.manquepierda.com\/historiarealbetis\/wp-json\/wp\/v2\/posts"}],"about":[{"href":"https:\/\/www.manquepierda.com\/historiarealbetis\/wp-json\/wp\/v2\/types\/post"}],"author":[{"embeddable":true,"href":"https:\/\/www.manquepierda.com\/historiarealbetis\/wp-json\/wp\/v2\/users\/5"}],"replies":[{"embeddable":true,"href":"https:\/\/www.manquepierda.com\/historiarealbetis\/wp-json\/wp\/v2\/comments?post=89649"}],"version-history":[{"count":2,"href":"https:\/\/www.manquepierda.com\/historiarealbetis\/wp-json\/wp\/v2\/posts\/89649\/revisions"}],"predecessor-version":[{"id":89652,"href":"https:\/\/www.manquepierda.com\/historiarealbetis\/wp-json\/wp\/v2\/posts\/89649\/revisions\/89652"}],"wp:featuredmedia":[{"embeddable":true,"href":"https:\/\/www.manquepierda.com\/historiarealbetis\/wp-json\/wp\/v2\/media\/89650"}],"wp:attachment":[{"href":"https:\/\/www.manquepierda.com\/historiarealbetis\/wp-json\/wp\/v2\/media?parent=89649"}],"wp:term":[{"taxonomy":"category","embeddable":true,"href":"https:\/\/www.manquepierda.com\/historiarealbetis\/wp-json\/wp\/v2\/categories?post=89649"},{"taxonomy":"post_tag","embeddable":true,"href":"https:\/\/www.manquepierda.com\/historiarealbetis\/wp-json\/wp\/v2\/tags?post=89649"}],"curies":[{"name":"wp","href":"https:\/\/api.w.org\/{rel}","templated":true}]}}