{"id":89693,"date":"2023-07-06T10:07:00","date_gmt":"2023-07-06T08:07:00","guid":{"rendered":"https:\/\/www.manquepierda.com\/historiarealbetis\/?p=89693"},"modified":"2024-10-01T22:33:18","modified_gmt":"2024-10-01T20:33:18","slug":"album-de-cromos-temporada-1972-73-2","status":"publish","type":"post","link":"https:\/\/www.manquepierda.com\/historiarealbetis\/album-de-cromos-temporada-1972-73-2\/","title":{"rendered":"Album de cromos temporada 1972-73."},"content":{"rendered":"<div class=\"wp-block-image\">\n<figure class=\"aligncenter size-large is-resized\"><img data-recalc-dims=\"1\" loading=\"lazy\" decoding=\"async\" width=\"492\" height=\"700\" src=\"https:\/\/i0.wp.com\/www.manquepierda.com\/historiarealbetis\/files\/2023\/06\/Album-temporada-1972-73-Fher.jpg?resize=492%2C700&#038;ssl=1\" alt=\"\" class=\"wp-image-89694\" style=\"width:600px;height:854px\" srcset=\"https:\/\/i0.wp.com\/www.manquepierda.com\/historiarealbetis\/files\/2023\/06\/Album-temporada-1972-73-Fher.jpg?resize=492%2C700&amp;ssl=1 492w, https:\/\/i0.wp.com\/www.manquepierda.com\/historiarealbetis\/files\/2023\/06\/Album-temporada-1972-73-Fher.jpg?resize=421%2C600&amp;ssl=1 421w, https:\/\/i0.wp.com\/www.manquepierda.com\/historiarealbetis\/files\/2023\/06\/Album-temporada-1972-73-Fher.jpg?resize=155%2C220&amp;ssl=1 155w, https:\/\/i0.wp.com\/www.manquepierda.com\/historiarealbetis\/files\/2023\/06\/Album-temporada-1972-73-Fher.jpg?w=531&amp;ssl=1 531w\" sizes=\"auto, (max-width: 492px) 100vw, 492px\" \/><\/figure>\n<\/div>\n\n<p>Album de cromos de la temporada 1972-73 correspondiente a la Editorial Fher con los siguientes jugadores: Manuel Campos, Jos\u00e9 Manuel Pesudo, Francisco Bizcocho, Francisco Telech\u00eda, Juan Casasas, Antonio Biosca, Juan Manuel Cobo, Francisco Frigols, Jes\u00fas Ir\u00edzar, Manuel P\u00e9rez \u00abMacario\u00bb, Pepe Gonz\u00e1lez, Javier L\u00f3pez, Rodolfo Orife, Francisco Rosell\u00f3, Rogelio Sosa y Antonio Ben\u00edtez.\u00a0\u00a0<\/p>","protected":false},"excerpt":{"rendered":"<p>Album de cromos de la temporada 1972-73 correspondiente a la Editorial Fher con los siguientes jugadores: Manuel Campos, Jos\u00e9 Manuel Pesudo, Francisco Bizcocho, Francisco Telech\u00eda, Juan Casasas, Antonio Biosca, Juan Manuel Cobo, Francisco Frigols, Jes\u00fas Ir\u00edzar, Manuel P\u00e9rez \u00abMacario\u00bb, Pepe Gonz\u00e1lez, Javier L\u00f3pez, Rodolfo Orife, Francisco Rosell\u00f3, Rogelio Sosa y Antonio Ben\u00edtez.\u00a0\u00a0<\/p>\n","protected":false},"author":5,"featured_media":89694,"comment_status":"open","ping_status":"open","sticky":false,"template":"","format":"standard","meta":{"_kad_post_transparent":"","_kad_post_title":"","_kad_post_layout":"","_kad_post_sidebar_id":"","_kad_post_content_style":"","_kad_post_vertical_padding":"","_kad_post_feature":"","_kad_post_feature_position":"","_kad_post_header":false,"_kad_post_footer":false,"_kad_post_classname":"","_jetpack_memberships_contains_paid_content":false,"footnotes":"","jetpack_publicize_message":"","jetpack_publicize_feature_enabled":true,"jetpack_social_post_already_shared":true,"jetpack_social_options":{"image_generator_settings":{"template":"highway","default_image_id":0,"font":"","enabled":false},"version":2}},"categories":[903,1],"tags":[2309,1120,1157,1245,2457,3821,2086,1178,2319,1313,2318,1181,1303,1619,1040,1141,1396],"class_list":["post-89693","post","type-post","status-publish","format-standard","has-post-thumbnail","hentry","category-1970-1979","category-portada","tag-1972-73","tag-antonio-benitez","tag-antonio-biosca","tag-francisco-bizcocho","tag-francisco-frigols","tag-francisco-rosello","tag-francisco-telechia","tag-javier-lopez","tag-jesus-maria-irizar","tag-jose-manuel-pesudo","tag-juan-casasas","tag-juan-manuel-cobo","tag-manuel-campos","tag-manuel-perez-macario","tag-pepe-gonzalez","tag-rodolfo-orife","tag-rogelio-sosa"],"jetpack_publicize_connections":[],"jetpack_featured_media_url":"https:\/\/i0.wp.com\/www.manquepierda.com\/historiarealbetis\/files\/2023\/06\/Album-temporada-1972-73-Fher.jpg?fit=531%2C756&ssl=1","jetpack_sharing_enabled":true,"jetpack_shortlink":"https:\/\/wp.me\/p1ij08-nkF","jetpack-related-posts":[],"_links":{"self":[{"href":"https:\/\/www.manquepierda.com\/historiarealbetis\/wp-json\/wp\/v2\/posts\/89693","targetHints":{"allow":["GET"]}}],"collection":[{"href":"https:\/\/www.manquepierda.com\/historiarealbetis\/wp-json\/wp\/v2\/posts"}],"about":[{"href":"https:\/\/www.manquepierda.com\/historiarealbetis\/wp-json\/wp\/v2\/types\/post"}],"author":[{"embeddable":true,"href":"https:\/\/www.manquepierda.com\/historiarealbetis\/wp-json\/wp\/v2\/users\/5"}],"replies":[{"embeddable":true,"href":"https:\/\/www.manquepierda.com\/historiarealbetis\/wp-json\/wp\/v2\/comments?post=89693"}],"version-history":[{"count":5,"href":"https:\/\/www.manquepierda.com\/historiarealbetis\/wp-json\/wp\/v2\/posts\/89693\/revisions"}],"predecessor-version":[{"id":99951,"href":"https:\/\/www.manquepierda.com\/historiarealbetis\/wp-json\/wp\/v2\/posts\/89693\/revisions\/99951"}],"wp:featuredmedia":[{"embeddable":true,"href":"https:\/\/www.manquepierda.com\/historiarealbetis\/wp-json\/wp\/v2\/media\/89694"}],"wp:attachment":[{"href":"https:\/\/www.manquepierda.com\/historiarealbetis\/wp-json\/wp\/v2\/media?parent=89693"}],"wp:term":[{"taxonomy":"category","embeddable":true,"href":"https:\/\/www.manquepierda.com\/historiarealbetis\/wp-json\/wp\/v2\/categories?post=89693"},{"taxonomy":"post_tag","embeddable":true,"href":"https:\/\/www.manquepierda.com\/historiarealbetis\/wp-json\/wp\/v2\/tags?post=89693"}],"curies":[{"name":"wp","href":"https:\/\/api.w.org\/{rel}","templated":true}]}}