{"id":89870,"date":"2023-07-20T12:00:00","date_gmt":"2023-07-20T10:00:00","guid":{"rendered":"https:\/\/www.manquepierda.com\/historiarealbetis\/?p=89870"},"modified":"2024-12-20T07:57:12","modified_gmt":"2024-12-20T06:57:12","slug":"hoy-hace-30-anos-fichaje-de-alexis-trujillo","status":"publish","type":"post","link":"https:\/\/www.manquepierda.com\/historiarealbetis\/hoy-hace-30-anos-fichaje-de-alexis-trujillo\/","title":{"rendered":"Hoy hace 30 a\u00f1os. Fichaje de Alexis Trujillo."},"content":{"rendered":"<div class=\"wp-block-image\">\n<figure class=\"aligncenter size-full\"><img data-recalc-dims=\"1\" loading=\"lazy\" decoding=\"async\" width=\"439\" height=\"567\" src=\"https:\/\/i0.wp.com\/www.manquepierda.com\/historiarealbetis\/files\/2023\/07\/20-1993-Fichaje-de-Alexis.jpg?resize=439%2C567&#038;ssl=1\" alt=\"\" class=\"wp-image-89871\" srcset=\"https:\/\/i0.wp.com\/www.manquepierda.com\/historiarealbetis\/files\/2023\/07\/20-1993-Fichaje-de-Alexis.jpg?w=439&amp;ssl=1 439w, https:\/\/i0.wp.com\/www.manquepierda.com\/historiarealbetis\/files\/2023\/07\/20-1993-Fichaje-de-Alexis.jpg?resize=170%2C220&amp;ssl=1 170w\" sizes=\"auto, (max-width: 439px) 100vw, 439px\" \/><\/figure>\n<\/div>\n\n<p><\/p>\n<p><span style=\"color: #008000\">El 20 de julio de 1993 se produce el fichaje de Alexis Trujillo Oramas por el Real Betis Balompi\u00e9.<\/span><\/p>\n<p><span style=\"color: #008000\">Alexis, con 27 a\u00f1os, llegaba al Betis desde el Tenerife despu\u00e9s de una larga carrera en la UD Las Palmas, e iniciaba as\u00ed un periodo de 7 temporadas en verdiblanco.<\/span><\/p>\n<p><span style=\"color: #008000\">Para saber m\u00e1s de su trayectoria b\u00e9tica ver<a href=\"https:\/\/www.manquepierda.com\/historiarealbetis\/alexis-trujillo\/\"><strong> aqu\u00ed.<\/strong><\/a><\/span><\/p>","protected":false},"excerpt":{"rendered":"<p>El 20 de julio de 1993 se produce el fichaje de Alexis Trujillo Oramas por el Real Betis Balompi\u00e9. Alexis, con 27 a\u00f1os, llegaba al Betis desde el Tenerife despu\u00e9s de una larga carrera en la UD Las Palmas, e iniciaba as\u00ed un periodo de 7 temporadas en verdiblanco. Para saber m\u00e1s de su trayectoria&#8230;<\/p>\n","protected":false},"author":5,"featured_media":89871,"comment_status":"open","ping_status":"open","sticky":false,"template":"","format":"standard","meta":{"_kad_post_transparent":"","_kad_post_title":"","_kad_post_layout":"","_kad_post_sidebar_id":"","_kad_post_content_style":"","_kad_post_vertical_padding":"","_kad_post_feature":"","_kad_post_feature_position":"","_kad_post_header":false,"_kad_post_footer":false,"_kad_post_classname":"","_jetpack_memberships_contains_paid_content":false,"footnotes":"","jetpack_publicize_message":"","jetpack_publicize_feature_enabled":true,"jetpack_social_post_already_shared":true,"jetpack_social_options":{"image_generator_settings":{"template":"highway","default_image_id":0,"font":"","enabled":false},"version":2}},"categories":[905,14583,1],"tags":[5525,1328,232],"class_list":["post-89870","post","type-post","status-publish","format-standard","has-post-thumbnail","hentry","category-1990-1999","category-efemerides","category-portada","tag-5525","tag-alexis-trujillo","tag-cd-tenerife"],"jetpack_publicize_connections":[],"jetpack_featured_media_url":"https:\/\/i0.wp.com\/www.manquepierda.com\/historiarealbetis\/files\/2023\/07\/20-1993-Fichaje-de-Alexis.jpg?fit=439%2C567&ssl=1","jetpack_sharing_enabled":true,"jetpack_shortlink":"https:\/\/wp.me\/p1ij08-nnw","jetpack-related-posts":[],"_links":{"self":[{"href":"https:\/\/www.manquepierda.com\/historiarealbetis\/wp-json\/wp\/v2\/posts\/89870","targetHints":{"allow":["GET"]}}],"collection":[{"href":"https:\/\/www.manquepierda.com\/historiarealbetis\/wp-json\/wp\/v2\/posts"}],"about":[{"href":"https:\/\/www.manquepierda.com\/historiarealbetis\/wp-json\/wp\/v2\/types\/post"}],"author":[{"embeddable":true,"href":"https:\/\/www.manquepierda.com\/historiarealbetis\/wp-json\/wp\/v2\/users\/5"}],"replies":[{"embeddable":true,"href":"https:\/\/www.manquepierda.com\/historiarealbetis\/wp-json\/wp\/v2\/comments?post=89870"}],"version-history":[{"count":2,"href":"https:\/\/www.manquepierda.com\/historiarealbetis\/wp-json\/wp\/v2\/posts\/89870\/revisions"}],"predecessor-version":[{"id":89873,"href":"https:\/\/www.manquepierda.com\/historiarealbetis\/wp-json\/wp\/v2\/posts\/89870\/revisions\/89873"}],"wp:featuredmedia":[{"embeddable":true,"href":"https:\/\/www.manquepierda.com\/historiarealbetis\/wp-json\/wp\/v2\/media\/89871"}],"wp:attachment":[{"href":"https:\/\/www.manquepierda.com\/historiarealbetis\/wp-json\/wp\/v2\/media?parent=89870"}],"wp:term":[{"taxonomy":"category","embeddable":true,"href":"https:\/\/www.manquepierda.com\/historiarealbetis\/wp-json\/wp\/v2\/categories?post=89870"},{"taxonomy":"post_tag","embeddable":true,"href":"https:\/\/www.manquepierda.com\/historiarealbetis\/wp-json\/wp\/v2\/tags?post=89870"}],"curies":[{"name":"wp","href":"https:\/\/api.w.org\/{rel}","templated":true}]}}