{"id":89896,"date":"2023-07-20T10:24:00","date_gmt":"2023-07-20T08:24:00","guid":{"rendered":"https:\/\/www.manquepierda.com\/historiarealbetis\/?p=89896"},"modified":"2023-07-17T14:26:04","modified_gmt":"2023-07-17T12:26:04","slug":"benat-etxeberria","status":"publish","type":"post","link":"https:\/\/www.manquepierda.com\/historiarealbetis\/benat-etxeberria\/","title":{"rendered":"Be\u00f1at Etxeberria."},"content":{"rendered":"<div class=\"wp-block-image\">\n<figure class=\"aligncenter size-large\"><img data-recalc-dims=\"1\" loading=\"lazy\" decoding=\"async\" width=\"502\" height=\"700\" src=\"https:\/\/i0.wp.com\/www.manquepierda.com\/historiarealbetis\/files\/2023\/07\/Benat.jpg?resize=502%2C700&#038;ssl=1\" alt=\"\" class=\"wp-image-89897\" srcset=\"https:\/\/i0.wp.com\/www.manquepierda.com\/historiarealbetis\/files\/2023\/07\/Benat.jpg?resize=502%2C700&amp;ssl=1 502w, https:\/\/i0.wp.com\/www.manquepierda.com\/historiarealbetis\/files\/2023\/07\/Benat.jpg?resize=430%2C600&amp;ssl=1 430w, https:\/\/i0.wp.com\/www.manquepierda.com\/historiarealbetis\/files\/2023\/07\/Benat.jpg?resize=158%2C220&amp;ssl=1 158w, https:\/\/i0.wp.com\/www.manquepierda.com\/historiarealbetis\/files\/2023\/07\/Benat.jpg?resize=768%2C1071&amp;ssl=1 768w, https:\/\/i0.wp.com\/www.manquepierda.com\/historiarealbetis\/files\/2023\/07\/Benat.jpg?w=831&amp;ssl=1 831w\" sizes=\"auto, (max-width: 502px) 100vw, 502px\" \/><\/figure>\n<\/div>\n\n<p><\/p>\n<p><strong>Be\u00f1at Etxeberria Urkiaga<\/strong>, nacido en Yurre (Vizcaya) el 19 de febrero de 1987.<\/p>\n<p>Centrocampista.<\/p>\n<p>Formado en las categor\u00edas inferiores del Athletic, lleg\u00f3 a debutar con el primer equipo en octubre de 2006, aunque tras la falta de oportunidades fue cedido una temporada a la UB Conquense, equipo con el jug\u00f3 la temporada 2008-09.<\/p>\n<p>A final de esa campa\u00f1a fue fichado por el Betis para jugar en el filial verdiblanco, donde destac\u00f3 disputando 34 partidos. De forma que para la temporada 2010-11&nbsp; pas\u00f3 al primer equipo b\u00e9tico, con el que debut\u00f3 en partido oficial el 29 de agosto de 2010 en la primera jornada en casa contra el Granada. Be\u00f1at esa temporada jug\u00f3 un importante papel en el equipo que logr\u00f3 el ascenso, disputando 36 partidos y marcando 4 goles, evidenciando un gran disparo a bal\u00f3n parado.&nbsp;<\/p>\n<p>En la temporada siguiente, ya en Primera Divisi\u00f3n, jug\u00f3 35 partidos de Liga y marc\u00f3 6 goles, destacando de forma que en esa temporada debut\u00f3 con la selecci\u00f3n absoluta el 26 de mayo de 2012 en un amistoso contra Serbia.<\/p>\n<p>En su \u00faltima campa\u00f1a en el Betis, la 2012-23, Be\u00f1at volvi\u00f3 a ser un eje fundamental del mediocampo verdiblanco, jugando 34 partidos de Liga y marcando 4 tantos.&nbsp;<\/p>\n<p>Esta forma de destacar llam\u00f3 la atenci\u00f3n de diversos clubs, siendo el Athletic quien se hizo con su ficha en el verano de 2013 a cambio de 8 millones de euros. Be\u00f1at firm\u00f3 un contrato por 5 temporadas con el equipo bilba\u00edno que luego prorrogar\u00eda por 2 a\u00f1os m\u00e1s hasta 2020.&nbsp;<\/p>\n<p>Posteriormente jug\u00f3 una temporada en el f\u00fatbol australiano.<\/p>\n<p>Historial<\/p>\n<table width=\"262\">\n<tbody>\n<tr>\n<td width=\"80\">2004-05<\/td>\n<td width=\"86\">Basconia<\/td>\n<td width=\"96\">Tercera<\/td>\n<\/tr>\n<tr>\n<td>2005-06<\/td>\n<td width=\"86\">Bilbao Athl.<\/td>\n<td>Segunda B<\/td>\n<\/tr>\n<tr>\n<td>2006-07<\/td>\n<td width=\"86\">Bilbao Athl.<\/td>\n<td>Segunda B<\/td>\n<\/tr>\n<tr>\n<td>2006-07<\/td>\n<td>Athl.Bilbao<\/td>\n<td>Primera<\/td>\n<\/tr>\n<tr>\n<td>2007-08<\/td>\n<td width=\"86\">Bilbao Athl.<\/td>\n<td>Segunda B<\/td>\n<\/tr>\n<tr>\n<td>2008-09<\/td>\n<td width=\"86\">Conquense<\/td>\n<td>Segunda B<\/td>\n<\/tr>\n<tr>\n<td>2009-10<\/td>\n<td width=\"86\">Betis B<\/td>\n<td>Segunda B<\/td>\n<\/tr>\n<tr>\n<td>2010-11<\/td>\n<td>Betis<\/td>\n<td>Segunda<\/td>\n<\/tr>\n<tr>\n<td>2011-12<\/td>\n<td>Betis<\/td>\n<td>Primera<\/td>\n<\/tr>\n<tr>\n<td>2012-13<\/td>\n<td>Betis<\/td>\n<td>Primera<\/td>\n<\/tr>\n<tr>\n<td>2013-14<\/td>\n<td>Athl.Bilbao<\/td>\n<td>Primera<\/td>\n<\/tr>\n<tr>\n<td>2014-15<\/td>\n<td>Athl.Bilbao<\/td>\n<td>Primera<\/td>\n<\/tr>\n<tr>\n<td>2015-16<\/td>\n<td>Athl.Bilbao<\/td>\n<td>Primera<\/td>\n<\/tr>\n<tr>\n<td>2016-17<\/td>\n<td>Athl.Bilbao<\/td>\n<td>Primera<\/td>\n<\/tr>\n<tr>\n<td>2017-18<\/td>\n<td>Athl.Bilbao<\/td>\n<td>Primera<\/td>\n<\/tr>\n<tr>\n<td>2018-19<\/td>\n<td>Athl.Bilbao<\/td>\n<td>Primera<\/td>\n<\/tr>\n<tr>\n<td>2019-20<\/td>\n<td>Athl.Bilbao<\/td>\n<td>Primera<\/td>\n<\/tr>\n<tr>\n<td>2020-21<\/td>\n<td>Macarthur FC<\/td>\n<td>Primera<\/td>\n<\/tr>\n<\/tbody>\n<\/table>\n\n\n<p>En sus 3 temporadas en el Betis Be\u00f1at jug\u00f3 105 partidos de Liga, marcando 14 goles, 13 de Copa, en los que obtuvo 1 tanto, y 21 amistosos.<\/p>\n\n\n\n<p>Ha sido en 4 ocasiones internacional absoluto, todas ellas perteneciendo al Real Betis Balompi\u00e9.<\/p>\n","protected":false},"excerpt":{"rendered":"<p>Be\u00f1at Etxeberria Urkiaga, nacido en Yurre (Vizcaya) el 19 de febrero de 1987. Centrocampista. Formado en las categor\u00edas inferiores del Athletic, lleg\u00f3 a debutar con el primer equipo en octubre de 2006, aunque tras la falta de oportunidades fue cedido una temporada a la UB Conquense, equipo con el jug\u00f3 la temporada 2008-09. A final&#8230;<\/p>\n","protected":false},"author":5,"featured_media":89897,"comment_status":"open","ping_status":"open","sticky":false,"template":"","format":"standard","meta":{"_kad_post_transparent":"","_kad_post_title":"","_kad_post_layout":"","_kad_post_sidebar_id":"","_kad_post_content_style":"","_kad_post_vertical_padding":"","_kad_post_feature":"","_kad_post_feature_position":"","_kad_post_header":false,"_kad_post_footer":false,"_kad_post_classname":"","_jetpack_memberships_contains_paid_content":false,"footnotes":"","jetpack_publicize_message":"","jetpack_publicize_feature_enabled":true,"jetpack_social_post_already_shared":true,"jetpack_social_options":{"image_generator_settings":{"template":"highway","default_image_id":0,"font":"","enabled":false},"version":2}},"categories":[893,1],"tags":[144],"class_list":["post-89896","post","type-post","status-publish","format-standard","has-post-thumbnail","hentry","category-jugadores-temas","category-portada","tag-benat-etxebarria"],"jetpack_publicize_connections":[],"jetpack_featured_media_url":"https:\/\/i0.wp.com\/www.manquepierda.com\/historiarealbetis\/files\/2023\/07\/Benat.jpg?fit=831%2C1159&ssl=1","jetpack_sharing_enabled":true,"jetpack_shortlink":"https:\/\/wp.me\/p1ij08-nnW","jetpack-related-posts":[],"_links":{"self":[{"href":"https:\/\/www.manquepierda.com\/historiarealbetis\/wp-json\/wp\/v2\/posts\/89896","targetHints":{"allow":["GET"]}}],"collection":[{"href":"https:\/\/www.manquepierda.com\/historiarealbetis\/wp-json\/wp\/v2\/posts"}],"about":[{"href":"https:\/\/www.manquepierda.com\/historiarealbetis\/wp-json\/wp\/v2\/types\/post"}],"author":[{"embeddable":true,"href":"https:\/\/www.manquepierda.com\/historiarealbetis\/wp-json\/wp\/v2\/users\/5"}],"replies":[{"embeddable":true,"href":"https:\/\/www.manquepierda.com\/historiarealbetis\/wp-json\/wp\/v2\/comments?post=89896"}],"version-history":[{"count":2,"href":"https:\/\/www.manquepierda.com\/historiarealbetis\/wp-json\/wp\/v2\/posts\/89896\/revisions"}],"predecessor-version":[{"id":89899,"href":"https:\/\/www.manquepierda.com\/historiarealbetis\/wp-json\/wp\/v2\/posts\/89896\/revisions\/89899"}],"wp:featuredmedia":[{"embeddable":true,"href":"https:\/\/www.manquepierda.com\/historiarealbetis\/wp-json\/wp\/v2\/media\/89897"}],"wp:attachment":[{"href":"https:\/\/www.manquepierda.com\/historiarealbetis\/wp-json\/wp\/v2\/media?parent=89896"}],"wp:term":[{"taxonomy":"category","embeddable":true,"href":"https:\/\/www.manquepierda.com\/historiarealbetis\/wp-json\/wp\/v2\/categories?post=89896"},{"taxonomy":"post_tag","embeddable":true,"href":"https:\/\/www.manquepierda.com\/historiarealbetis\/wp-json\/wp\/v2\/tags?post=89896"}],"curies":[{"name":"wp","href":"https:\/\/api.w.org\/{rel}","templated":true}]}}