{"id":8990,"date":"2011-02-18T07:20:05","date_gmt":"2011-02-18T07:20:05","guid":{"rendered":"http:\/\/www.manquepierda.com\/historiarealbetis\/?p=8990"},"modified":"2011-03-27T17:10:40","modified_gmt":"2011-03-27T16:10:40","slug":"visitamos-al-real-valladolid","status":"publish","type":"post","link":"https:\/\/www.manquepierda.com\/historiarealbetis\/visitamos-al-real-valladolid\/","title":{"rendered":"Visitamos al Real Valladolid"},"content":{"rendered":"<p><a class=\"lightbox\" title=\"Valladolid\" href=\"https:\/\/i0.wp.com\/www.manquepierda.com\/historiarealbetis\/files\/2011\/02\/Valladolid.jpg?ssl=1\"><img data-recalc-dims=\"1\" loading=\"lazy\" decoding=\"async\" class=\"aligncenter size-full wp-image-8991\" src=\"https:\/\/i0.wp.com\/www.manquepierda.com\/historiarealbetis\/files\/2011\/02\/Valladolid.jpg?resize=598%2C250&#038;ssl=1\" alt=\"\" width=\"598\" height=\"250\" \/><\/a><\/p>\n<p>El pr\u00f3ximo domingo visitamos al Real Valladolid, equipo fundado en 1928 y que ha militado 40 temporadas en Primera Divisi\u00f3n, 30 en Segunda y 9 en Tercera. Ha sido 2 veces subcampe\u00f3n de Copa y 1 vez campe\u00f3n de la Copa de la Liga.<\/p>\n<p>La primera visita del Betis a Valladolid tuvo lugar el 24 de Septiembre de 1932, con motivo del Campeonato Mancomunado que se disputaba entre equipos de Castilla y Andaluc\u00eda. En el antiguo campo de la Sociedad Taurina Club Deportivo Valladolid y Betis Balompi\u00e9 empataron a 1.<\/p>\n<p>Han sido 39 las ocasiones en que el Betis ha visitado al Valladolid en diversos campos (Sociedad Taurina, Zorrilla y Nuevo Zorrilla) repartidas as\u00ed: 26 partidos en Primera ( 14 victorias locales, 4 empates y 8 victorias b\u00e9ticas), 6 partidos en Segunda ( 3 victorias vallisoletanas y 3 empates), 2 partidos de Copa ( 2 victorias b\u00e9ticas), 1 partido de Copa de la Liga ( victoria vallisoletana), 2 partidos del Campeonato Mancomunado ( 1 victoria local y 1 empate) y 2 amistosos ( 2 victorias b\u00e9ticas).<\/p>\n<p>Entre los jugadores comunes a los dos equipos podemos mencionar a Benito Alvarez, Sabino Barinaga, Benjam\u00edn Zarandona, Jos\u00e9 Boh\u00f3rquez, Manuel Campos, Julio Carde\u00f1osa, Rafael Escalera, Jos\u00e9 Luis Espinosa, Fernando Fern\u00e1ndez, Fernando S\u00e1nchez, Luis Miguel Gail, Jes\u00fas Ruiz \u00abJesus\u00edn\u00bb,\u00a0 Juan Guti\u00e9rrez \u00abJuanito\u00bb,\u00a0 Jes\u00fas Mar\u00eda Landa, Luis M\u00e1rquez, Jos\u00e9 Mar\u00eda Mellado, Andr\u00e9s Molina, Victoriano Rivas \u00abNano\u00bb, Ricardo G\u00f3mez \u00abRichard\u00bb, Rub\u00e9n Bilbao, Javier S\u00e1nchez Vall\u00e9s, Jorge L\u00f3pez \u00abTote\u00bb y Patricio Y\u00e1\u00f1ez.<\/p>\n<p>Entre los entrenadores Antonio Barrios, Eusebio R\u00edos, Jos\u00e9 Luis Garc\u00eda Traid, Vicente Cantatore, Felipe Mesones, Fernando V\u00e1zquez y Javier Clemente.<\/p>\n","protected":false},"excerpt":{"rendered":"<p>El pr\u00f3ximo domingo visitamos al Real Valladolid, equipo fundado en 1928 y que ha militado 40 temporadas en Primera Divisi\u00f3n, 30 en Segunda y 9 en Tercera. Ha sido 2 veces subcampe\u00f3n de Copa y 1 vez campe\u00f3n de la Copa de la Liga. La primera visita del Betis a Valladolid tuvo lugar el 24&#8230;<\/p>\n","protected":false},"author":5,"featured_media":8991,"comment_status":"open","ping_status":"open","sticky":false,"template":"","format":"standard","meta":{"_kad_post_transparent":"","_kad_post_title":"","_kad_post_layout":"","_kad_post_sidebar_id":"","_kad_post_content_style":"","_kad_post_vertical_padding":"","_kad_post_feature":"","_kad_post_feature_position":"","_kad_post_header":false,"_kad_post_footer":false,"_kad_post_classname":"","_jetpack_memberships_contains_paid_content":false,"footnotes":"","jetpack_publicize_message":"","jetpack_publicize_feature_enabled":true,"jetpack_social_post_already_shared":false,"jetpack_social_options":{"image_generator_settings":{"template":"highway","default_image_id":0,"font":"","enabled":false},"version":2}},"categories":[895],"tags":[1370,1249,1360,1121,1212,1152,1364,1365,1088,1377,1374,1368,1499,1375,1361,1363,1098,1353,1367,1155,1369,1366,1303,1051,1362,1359,1372,1373,1110,1376,1371],"class_list":["post-8990","post","type-post","status-publish","format-standard","has-post-thumbnail","hentry","category-los-rivales","tag-andres-molina","tag-antonio-barrios","tag-benito-alvarez","tag-benjamin-zarandona","tag-eusebio-rios","tag-felipe-mesones","tag-fernando-fernandez","tag-fernando-sanchez","tag-fernando-vazquez","tag-javier-clemente","tag-javier-sanchez-valles","tag-jesus-maria-landa","tag-jesus-ruiz-jesusin","tag-jorge-lopez-tote","tag-jose-bohorquez","tag-jose-luis-espinosa","tag-jose-luis-garcia-traid","tag-jose-maria-mellado","tag-juan-gutierrez-juanito","tag-julio-cardenosa","tag-luis-marquez","tag-luis-miguel-gail","tag-manuel-campos","tag-patricio-yanez","tag-rafael-escalera","tag-real-valladolid","tag-ricardo-gomez-richard","tag-ruben-bilbao","tag-sabino-barinaga","tag-vicente-cantatore","tag-victoriano-rivas-nano"],"jetpack_publicize_connections":[],"jetpack_featured_media_url":"https:\/\/i0.wp.com\/www.manquepierda.com\/historiarealbetis\/files\/2011\/02\/Valladolid.jpg?fit=598%2C250&ssl=1","jetpack_sharing_enabled":true,"jetpack_shortlink":"https:\/\/wp.me\/p1ij08-2l0","jetpack-related-posts":[],"_links":{"self":[{"href":"https:\/\/www.manquepierda.com\/historiarealbetis\/wp-json\/wp\/v2\/posts\/8990","targetHints":{"allow":["GET"]}}],"collection":[{"href":"https:\/\/www.manquepierda.com\/historiarealbetis\/wp-json\/wp\/v2\/posts"}],"about":[{"href":"https:\/\/www.manquepierda.com\/historiarealbetis\/wp-json\/wp\/v2\/types\/post"}],"author":[{"embeddable":true,"href":"https:\/\/www.manquepierda.com\/historiarealbetis\/wp-json\/wp\/v2\/users\/5"}],"replies":[{"embeddable":true,"href":"https:\/\/www.manquepierda.com\/historiarealbetis\/wp-json\/wp\/v2\/comments?post=8990"}],"version-history":[{"count":0,"href":"https:\/\/www.manquepierda.com\/historiarealbetis\/wp-json\/wp\/v2\/posts\/8990\/revisions"}],"wp:featuredmedia":[{"embeddable":true,"href":"https:\/\/www.manquepierda.com\/historiarealbetis\/wp-json\/wp\/v2\/media\/8991"}],"wp:attachment":[{"href":"https:\/\/www.manquepierda.com\/historiarealbetis\/wp-json\/wp\/v2\/media?parent=8990"}],"wp:term":[{"taxonomy":"category","embeddable":true,"href":"https:\/\/www.manquepierda.com\/historiarealbetis\/wp-json\/wp\/v2\/categories?post=8990"},{"taxonomy":"post_tag","embeddable":true,"href":"https:\/\/www.manquepierda.com\/historiarealbetis\/wp-json\/wp\/v2\/tags?post=8990"}],"curies":[{"name":"wp","href":"https:\/\/api.w.org\/{rel}","templated":true}]}}