{"id":89907,"date":"2023-07-25T12:00:00","date_gmt":"2023-07-25T10:00:00","guid":{"rendered":"https:\/\/www.manquepierda.com\/historiarealbetis\/?p=89907"},"modified":"2023-07-25T07:34:11","modified_gmt":"2023-07-25T05:34:11","slug":"hoy-hace-25-anos-chiclana-0-betis-1","status":"publish","type":"post","link":"https:\/\/www.manquepierda.com\/historiarealbetis\/hoy-hace-25-anos-chiclana-0-betis-1\/","title":{"rendered":"Hoy hace 25 a\u00f1os. Chiclana 0 Betis 1."},"content":{"rendered":"<div class=\"wp-block-image\">\n<figure class=\"aligncenter size-full is-resized\"><img data-recalc-dims=\"1\" loading=\"lazy\" decoding=\"async\" src=\"https:\/\/i0.wp.com\/www.manquepierda.com\/historiarealbetis\/files\/2023\/07\/25-1998-Chiclana-0-Betis-1.jpeg?resize=500%2C452&#038;ssl=1\" alt=\"\" class=\"wp-image-89908\" width=\"500\" height=\"452\" srcset=\"https:\/\/i0.wp.com\/www.manquepierda.com\/historiarealbetis\/files\/2023\/07\/25-1998-Chiclana-0-Betis-1.jpeg?w=667&amp;ssl=1 667w, https:\/\/i0.wp.com\/www.manquepierda.com\/historiarealbetis\/files\/2023\/07\/25-1998-Chiclana-0-Betis-1.jpeg?resize=665%2C600&amp;ssl=1 665w, https:\/\/i0.wp.com\/www.manquepierda.com\/historiarealbetis\/files\/2023\/07\/25-1998-Chiclana-0-Betis-1.jpeg?resize=220%2C199&amp;ssl=1 220w\" sizes=\"auto, (max-width: 500px) 100vw, 500px\" \/><\/figure>\n<\/div>\n\n<p>\u00a0<\/p>\n<p><span style=\"color: #008000\">El 25 de julio de 1998 el Betis se impone 0-1 en el Municipal al Chiclana en el primer partido de la pretemporada b\u00e9tica, que se hab\u00eda iniciado el d\u00eda 20 en la localidad gaditana.<\/span><\/p>\n<p><span style=\"color: #008000\">\u00c1ngel Cu\u00e9llar fue el autor del \u00fanico gol del partido en el minuto 68. Un penalti lanzado por Alexis en la segunda parte fue detenido por el meta local Palacios, que fue la figura del partido evitando varios goles de los delanteros b\u00e9ticos.<\/span><\/p>\n<p><span style=\"color: #008000\">El Betis, dirigido por Luis Aragon\u00e9s aline\u00f3 a Valerio; Merino, Ol\u00edas, Andrei, Jaime; M\u00e1rquez, Ca\u00f1as, Ito, Luis Fern\u00e1ndez; Oli e Iv\u00e1n P\u00e9rez en la primera parte, y Prats; Otero, Soloz\u00e1bal, Andrei; Benjam\u00edn, Alexis, Nadj, Fernando; Finidi, Alfonso y Cu\u00e9llar en la segunda.<\/span><\/p>","protected":false},"excerpt":{"rendered":"<p>\u00a0 El 25 de julio de 1998 el Betis se impone 0-1 en el Municipal al Chiclana en el primer partido de la pretemporada b\u00e9tica, que se hab\u00eda iniciado el d\u00eda 20 en la localidad gaditana. \u00c1ngel Cu\u00e9llar fue el autor del \u00fanico gol del partido en el minuto 68. Un penalti lanzado por Alexis&#8230;<\/p>\n","protected":false},"author":5,"featured_media":89908,"comment_status":"open","ping_status":"open","sticky":false,"template":"","format":"standard","meta":{"_kad_post_transparent":"","_kad_post_title":"","_kad_post_layout":"","_kad_post_sidebar_id":"","_kad_post_content_style":"","_kad_post_vertical_padding":"","_kad_post_feature":"","_kad_post_feature_position":"","_kad_post_header":false,"_kad_post_footer":false,"_kad_post_classname":"","_jetpack_memberships_contains_paid_content":false,"footnotes":"","jetpack_publicize_message":"","jetpack_publicize_feature_enabled":true,"jetpack_social_post_already_shared":true,"jetpack_social_options":{"image_generator_settings":{"template":"highway","default_image_id":0,"font":"","enabled":false},"version":2}},"categories":[905,14583,1],"tags":[2413,17207],"class_list":["post-89907","post","type-post","status-publish","format-standard","has-post-thumbnail","hentry","category-1990-1999","category-efemerides","category-portada","tag-2413","tag-chiclana-cf"],"jetpack_publicize_connections":[],"jetpack_featured_media_url":"https:\/\/i0.wp.com\/www.manquepierda.com\/historiarealbetis\/files\/2023\/07\/25-1998-Chiclana-0-Betis-1.jpeg?fit=667%2C602&ssl=1","jetpack_sharing_enabled":true,"jetpack_shortlink":"https:\/\/wp.me\/p1ij08-no7","jetpack-related-posts":[],"_links":{"self":[{"href":"https:\/\/www.manquepierda.com\/historiarealbetis\/wp-json\/wp\/v2\/posts\/89907","targetHints":{"allow":["GET"]}}],"collection":[{"href":"https:\/\/www.manquepierda.com\/historiarealbetis\/wp-json\/wp\/v2\/posts"}],"about":[{"href":"https:\/\/www.manquepierda.com\/historiarealbetis\/wp-json\/wp\/v2\/types\/post"}],"author":[{"embeddable":true,"href":"https:\/\/www.manquepierda.com\/historiarealbetis\/wp-json\/wp\/v2\/users\/5"}],"replies":[{"embeddable":true,"href":"https:\/\/www.manquepierda.com\/historiarealbetis\/wp-json\/wp\/v2\/comments?post=89907"}],"version-history":[{"count":3,"href":"https:\/\/www.manquepierda.com\/historiarealbetis\/wp-json\/wp\/v2\/posts\/89907\/revisions"}],"predecessor-version":[{"id":90225,"href":"https:\/\/www.manquepierda.com\/historiarealbetis\/wp-json\/wp\/v2\/posts\/89907\/revisions\/90225"}],"wp:featuredmedia":[{"embeddable":true,"href":"https:\/\/www.manquepierda.com\/historiarealbetis\/wp-json\/wp\/v2\/media\/89908"}],"wp:attachment":[{"href":"https:\/\/www.manquepierda.com\/historiarealbetis\/wp-json\/wp\/v2\/media?parent=89907"}],"wp:term":[{"taxonomy":"category","embeddable":true,"href":"https:\/\/www.manquepierda.com\/historiarealbetis\/wp-json\/wp\/v2\/categories?post=89907"},{"taxonomy":"post_tag","embeddable":true,"href":"https:\/\/www.manquepierda.com\/historiarealbetis\/wp-json\/wp\/v2\/tags?post=89907"}],"curies":[{"name":"wp","href":"https:\/\/api.w.org\/{rel}","templated":true}]}}