{"id":89944,"date":"2023-07-26T12:00:00","date_gmt":"2023-07-26T10:00:00","guid":{"rendered":"https:\/\/www.manquepierda.com\/historiarealbetis\/?p=89944"},"modified":"2024-08-26T20:05:57","modified_gmt":"2024-08-26T18:05:57","slug":"hoy-hace-40-anos-asamblea-extraordinaria-de-socios-2","status":"publish","type":"post","link":"https:\/\/www.manquepierda.com\/historiarealbetis\/hoy-hace-40-anos-asamblea-extraordinaria-de-socios-2\/","title":{"rendered":"Hoy hace 40 a\u00f1os. Asamblea extraordinaria de socios."},"content":{"rendered":"<div class=\"wp-block-image\">\n<figure class=\"aligncenter size-full is-resized\"><img data-recalc-dims=\"1\" loading=\"lazy\" decoding=\"async\" src=\"https:\/\/i0.wp.com\/www.manquepierda.com\/historiarealbetis\/files\/2023\/07\/26-1983-Asamblea-de-socios.jpg?resize=742%2C161&#038;ssl=1\" alt=\"\" class=\"wp-image-89945\" width=\"742\" height=\"161\" srcset=\"https:\/\/i0.wp.com\/www.manquepierda.com\/historiarealbetis\/files\/2023\/07\/26-1983-Asamblea-de-socios.jpg?w=700&amp;ssl=1 700w, https:\/\/i0.wp.com\/www.manquepierda.com\/historiarealbetis\/files\/2023\/07\/26-1983-Asamblea-de-socios.jpg?resize=680%2C148&amp;ssl=1 680w, https:\/\/i0.wp.com\/www.manquepierda.com\/historiarealbetis\/files\/2023\/07\/26-1983-Asamblea-de-socios.jpg?resize=220%2C48&amp;ssl=1 220w\" sizes=\"auto, (max-width: 742px) 100vw, 742px\" \/><\/figure>\n<\/div>\n\n<p><\/p>\n<p><span style=\"color: #008000\">El 26 de julio de 1983 tiene lugar en el Hotel Macarena la asamblea extraordinaria de socios del Real Betis Balompi\u00e9 que fue convocada por el presidente reci\u00e9n elegido Gerardo Mart\u00ednez Retamero, despu\u00e9s de la ordinaria celebrada el 6 de junio y que ya tuvimos ocasi\u00f3n de ver <a href=\"https:\/\/www.manquepierda.com\/historiarealbetis\/hoy-hace-40-anos-asamblea-de-socios-2\/\"><strong>aqu\u00ed.<\/strong><\/a><\/span><\/p>\n<p><span style=\"color: #008000\">En esta asamblea extraordinaria se expusieron unos n\u00fameros distintos a los de la pasada asamblea.<\/span> <span style=\"color: #008000\">As\u00ed, frente al d\u00e9ficit de 14 millones en la temporada reci\u00e9n acabada expuesto por la directiva de Mauduit, ahora se daba un d\u00e9ficit de 100 millones, debido a diversas partidas no contabilizadas con anterioridad. <\/span><br><span style=\"color: #008000\">Se aprob\u00f3 el presupuesto para la temporada 1983-84, que ascend\u00eda casi a 492 millones de pesetas, as\u00ed como la celebraci\u00f3n de dos medias jornadas del club en las que los socios deber\u00edan pagar.<\/span><\/p>\n<p><span style=\"color: #008000\">En el cap\u00edtulo de ruegos y preguntas lo m\u00e1s destacado fue la informaci\u00f3n sobre el coste de la cesi\u00f3n de Peter Barnes, que supuso un gasto de 38 millones de pesetas.<\/span> <\/p>","protected":false},"excerpt":{"rendered":"<p>El 26 de julio de 1983 tiene lugar en el Hotel Macarena la asamblea extraordinaria de socios del Real Betis Balompi\u00e9 que fue convocada por el presidente reci\u00e9n elegido Gerardo Mart\u00ednez Retamero, despu\u00e9s de la ordinaria celebrada el 6 de junio y que ya tuvimos ocasi\u00f3n de ver aqu\u00ed. En esta asamblea extraordinaria se expusieron&#8230;<\/p>\n","protected":false},"author":5,"featured_media":89945,"comment_status":"open","ping_status":"open","sticky":false,"template":"","format":"standard","meta":{"_kad_post_transparent":"","_kad_post_title":"","_kad_post_layout":"","_kad_post_sidebar_id":"","_kad_post_content_style":"","_kad_post_vertical_padding":"","_kad_post_feature":"","_kad_post_feature_position":"","_kad_post_header":false,"_kad_post_footer":false,"_kad_post_classname":"","_jetpack_memberships_contains_paid_content":false,"footnotes":"","jetpack_publicize_message":"","jetpack_publicize_feature_enabled":true,"jetpack_social_post_already_shared":true,"jetpack_social_options":{"image_generator_settings":{"template":"highway","default_image_id":0,"font":"","enabled":false},"version":2}},"categories":[904,14583,1],"tags":[4327,16436,18158],"class_list":["post-89944","post","type-post","status-publish","format-standard","has-post-thumbnail","hentry","category-1980-1989","category-efemerides","category-portada","tag-4327","tag-asamblea-de-socios","tag-asamblea-extraordinaria-1983"],"jetpack_publicize_connections":[],"jetpack_featured_media_url":"https:\/\/i0.wp.com\/www.manquepierda.com\/historiarealbetis\/files\/2023\/07\/26-1983-Asamblea-de-socios.jpg?fit=700%2C152&ssl=1","jetpack_sharing_enabled":true,"jetpack_shortlink":"https:\/\/wp.me\/p1ij08-noI","jetpack-related-posts":[],"_links":{"self":[{"href":"https:\/\/www.manquepierda.com\/historiarealbetis\/wp-json\/wp\/v2\/posts\/89944","targetHints":{"allow":["GET"]}}],"collection":[{"href":"https:\/\/www.manquepierda.com\/historiarealbetis\/wp-json\/wp\/v2\/posts"}],"about":[{"href":"https:\/\/www.manquepierda.com\/historiarealbetis\/wp-json\/wp\/v2\/types\/post"}],"author":[{"embeddable":true,"href":"https:\/\/www.manquepierda.com\/historiarealbetis\/wp-json\/wp\/v2\/users\/5"}],"replies":[{"embeddable":true,"href":"https:\/\/www.manquepierda.com\/historiarealbetis\/wp-json\/wp\/v2\/comments?post=89944"}],"version-history":[{"count":2,"href":"https:\/\/www.manquepierda.com\/historiarealbetis\/wp-json\/wp\/v2\/posts\/89944\/revisions"}],"predecessor-version":[{"id":89947,"href":"https:\/\/www.manquepierda.com\/historiarealbetis\/wp-json\/wp\/v2\/posts\/89944\/revisions\/89947"}],"wp:featuredmedia":[{"embeddable":true,"href":"https:\/\/www.manquepierda.com\/historiarealbetis\/wp-json\/wp\/v2\/media\/89945"}],"wp:attachment":[{"href":"https:\/\/www.manquepierda.com\/historiarealbetis\/wp-json\/wp\/v2\/media?parent=89944"}],"wp:term":[{"taxonomy":"category","embeddable":true,"href":"https:\/\/www.manquepierda.com\/historiarealbetis\/wp-json\/wp\/v2\/categories?post=89944"},{"taxonomy":"post_tag","embeddable":true,"href":"https:\/\/www.manquepierda.com\/historiarealbetis\/wp-json\/wp\/v2\/tags?post=89944"}],"curies":[{"name":"wp","href":"https:\/\/api.w.org\/{rel}","templated":true}]}}