{"id":89948,"date":"2023-07-30T12:00:00","date_gmt":"2023-07-30T10:00:00","guid":{"rendered":"https:\/\/www.manquepierda.com\/historiarealbetis\/?p=89948"},"modified":"2023-07-18T11:53:00","modified_gmt":"2023-07-18T09:53:00","slug":"hoy-hace-40-anos-girona-0-betis-1-en-el-trofeo-de-vilobi","status":"publish","type":"post","link":"https:\/\/www.manquepierda.com\/historiarealbetis\/hoy-hace-40-anos-girona-0-betis-1-en-el-trofeo-de-vilobi\/","title":{"rendered":"Hoy hace 40 a\u00f1os. Girona 0 Betis 1 en el Trofeo de Vilob\u00ed."},"content":{"rendered":"<div class=\"wp-block-image\">\n<figure class=\"aligncenter size-full\"><img data-recalc-dims=\"1\" loading=\"lazy\" decoding=\"async\" width=\"800\" height=\"184\" src=\"https:\/\/i0.wp.com\/www.manquepierda.com\/historiarealbetis\/files\/2023\/07\/30-1983-Betis-1-Girona-0-Trofeo-Vilobi.jpg?resize=800%2C184&#038;ssl=1\" alt=\"\" class=\"wp-image-89949\" srcset=\"https:\/\/i0.wp.com\/www.manquepierda.com\/historiarealbetis\/files\/2023\/07\/30-1983-Betis-1-Girona-0-Trofeo-Vilobi.jpg?w=800&amp;ssl=1 800w, https:\/\/i0.wp.com\/www.manquepierda.com\/historiarealbetis\/files\/2023\/07\/30-1983-Betis-1-Girona-0-Trofeo-Vilobi.jpg?resize=680%2C156&amp;ssl=1 680w, https:\/\/i0.wp.com\/www.manquepierda.com\/historiarealbetis\/files\/2023\/07\/30-1983-Betis-1-Girona-0-Trofeo-Vilobi.jpg?resize=220%2C51&amp;ssl=1 220w, https:\/\/i0.wp.com\/www.manquepierda.com\/historiarealbetis\/files\/2023\/07\/30-1983-Betis-1-Girona-0-Trofeo-Vilobi.jpg?resize=768%2C177&amp;ssl=1 768w\" sizes=\"auto, (max-width: 800px) 100vw, 800px\" \/><\/figure>\n<\/div>\n\n<p><\/p>\n<p><span style=\"color: #008000\">El 30 de julio de 1983 el Betis se impone 0-1 al Girona en la final del IV Trofeo de Vilob\u00ed.<\/span><\/p>\n<p><span style=\"color: #008000\">En esta localidad catalana el Betis realiz\u00f3 su pretemporada en diversos a\u00f1os de la d\u00e9cada de los 80.<\/span><\/p>\n<p><span style=\"color: #008000\">El \u00fanico tanto del partido lo marc\u00f3 Calleja en el minuto 47.<\/span><\/p>\n<p><span style=\"color: #008000\">El Girona, entrenado por Alfonso Mu\u00f1oz, aline\u00f3 a Aroca; Coll, Montes, Sala (69, Mulero), Longhi; Dur\u00e1n, Arcadi (83, G\u00f3mez), Arredondo; Boada, Bou y Morata.<\/span><\/p>\n<p><span style=\"color: #008000\">El Betis, dirigido por Pepe Alzate, form\u00f3 con Esnaola; Diego, Quico, Carmelo, Mantilla; Su\u00e1rez (75, Francis), Ortega, Carde\u00f1osa (46, Calleja), Parra; Rinc\u00f3n y Calder\u00f3n (63, Samuel).<\/span><\/p>","protected":false},"excerpt":{"rendered":"<p>El 30 de julio de 1983 el Betis se impone 0-1 al Girona en la final del IV Trofeo de Vilob\u00ed. En esta localidad catalana el Betis realiz\u00f3 su pretemporada en diversos a\u00f1os de la d\u00e9cada de los 80. El \u00fanico tanto del partido lo marc\u00f3 Calleja en el minuto 47. El Girona, entrenado por&#8230;<\/p>\n","protected":false},"author":5,"featured_media":89949,"comment_status":"open","ping_status":"open","sticky":false,"template":"","format":"standard","meta":{"_kad_post_transparent":"","_kad_post_title":"","_kad_post_layout":"","_kad_post_sidebar_id":"","_kad_post_content_style":"","_kad_post_vertical_padding":"","_kad_post_feature":"","_kad_post_feature_position":"","_kad_post_header":false,"_kad_post_footer":false,"_kad_post_classname":"","_jetpack_memberships_contains_paid_content":false,"footnotes":"","jetpack_publicize_message":"","jetpack_publicize_feature_enabled":true,"jetpack_social_post_already_shared":true,"jetpack_social_options":{"image_generator_settings":{"template":"highway","default_image_id":0,"font":"","enabled":false},"version":2}},"categories":[904,14583,1],"tags":[4327,16551,17066],"class_list":["post-89948","post","type-post","status-publish","format-standard","has-post-thumbnail","hentry","category-1980-1989","category-efemerides","category-portada","tag-4327","tag-girona-fc","tag-trofeo-vilobi"],"jetpack_publicize_connections":[],"jetpack_featured_media_url":"https:\/\/i0.wp.com\/www.manquepierda.com\/historiarealbetis\/files\/2023\/07\/30-1983-Betis-1-Girona-0-Trofeo-Vilobi.jpg?fit=800%2C184&ssl=1","jetpack_sharing_enabled":true,"jetpack_shortlink":"https:\/\/wp.me\/p1ij08-noM","jetpack-related-posts":[],"_links":{"self":[{"href":"https:\/\/www.manquepierda.com\/historiarealbetis\/wp-json\/wp\/v2\/posts\/89948","targetHints":{"allow":["GET"]}}],"collection":[{"href":"https:\/\/www.manquepierda.com\/historiarealbetis\/wp-json\/wp\/v2\/posts"}],"about":[{"href":"https:\/\/www.manquepierda.com\/historiarealbetis\/wp-json\/wp\/v2\/types\/post"}],"author":[{"embeddable":true,"href":"https:\/\/www.manquepierda.com\/historiarealbetis\/wp-json\/wp\/v2\/users\/5"}],"replies":[{"embeddable":true,"href":"https:\/\/www.manquepierda.com\/historiarealbetis\/wp-json\/wp\/v2\/comments?post=89948"}],"version-history":[{"count":2,"href":"https:\/\/www.manquepierda.com\/historiarealbetis\/wp-json\/wp\/v2\/posts\/89948\/revisions"}],"predecessor-version":[{"id":89951,"href":"https:\/\/www.manquepierda.com\/historiarealbetis\/wp-json\/wp\/v2\/posts\/89948\/revisions\/89951"}],"wp:featuredmedia":[{"embeddable":true,"href":"https:\/\/www.manquepierda.com\/historiarealbetis\/wp-json\/wp\/v2\/media\/89949"}],"wp:attachment":[{"href":"https:\/\/www.manquepierda.com\/historiarealbetis\/wp-json\/wp\/v2\/media?parent=89948"}],"wp:term":[{"taxonomy":"category","embeddable":true,"href":"https:\/\/www.manquepierda.com\/historiarealbetis\/wp-json\/wp\/v2\/categories?post=89948"},{"taxonomy":"post_tag","embeddable":true,"href":"https:\/\/www.manquepierda.com\/historiarealbetis\/wp-json\/wp\/v2\/tags?post=89948"}],"curies":[{"name":"wp","href":"https:\/\/api.w.org\/{rel}","templated":true}]}}