{"id":90093,"date":"2023-07-26T10:20:00","date_gmt":"2023-07-26T08:20:00","guid":{"rendered":"https:\/\/www.manquepierda.com\/historiarealbetis\/?p=90093"},"modified":"2024-10-01T22:26:53","modified_gmt":"2024-10-01T20:26:53","slug":"album-de-cromos-temporada-2004-05","status":"publish","type":"post","link":"https:\/\/www.manquepierda.com\/historiarealbetis\/album-de-cromos-temporada-2004-05\/","title":{"rendered":"Album de cromos temporada 2004-05"},"content":{"rendered":"\n<figure class=\"wp-block-image size-large\"><img data-recalc-dims=\"1\" loading=\"lazy\" decoding=\"async\" width=\"960\" height=\"696\" src=\"https:\/\/i0.wp.com\/www.manquepierda.com\/historiarealbetis\/files\/2023\/07\/Album-de-cromos-2004-05-1.jpg?resize=960%2C696&#038;ssl=1\" alt=\"\" class=\"wp-image-90097\" srcset=\"https:\/\/i0.wp.com\/www.manquepierda.com\/historiarealbetis\/files\/2023\/07\/Album-de-cromos-2004-05-1.jpg?resize=960%2C696&amp;ssl=1 960w, https:\/\/i0.wp.com\/www.manquepierda.com\/historiarealbetis\/files\/2023\/07\/Album-de-cromos-2004-05-1.jpg?resize=680%2C493&amp;ssl=1 680w, https:\/\/i0.wp.com\/www.manquepierda.com\/historiarealbetis\/files\/2023\/07\/Album-de-cromos-2004-05-1.jpg?resize=220%2C160&amp;ssl=1 220w, https:\/\/i0.wp.com\/www.manquepierda.com\/historiarealbetis\/files\/2023\/07\/Album-de-cromos-2004-05-1.jpg?resize=768%2C557&amp;ssl=1 768w, https:\/\/i0.wp.com\/www.manquepierda.com\/historiarealbetis\/files\/2023\/07\/Album-de-cromos-2004-05-1.jpg?w=1023&amp;ssl=1 1023w\" sizes=\"auto, (max-width: 960px) 100vw, 960px\" \/><\/figure>\n\n\n<p><\/p>\n<p>Album de cromos de la temporada 2004-05 de Ediciones Este con las siguientes unidades: escudo del club, el entrenador Lorenzo Serra y los jugadores Toni Prats, Pedro Contreras, Fernando Varela, David Rivas, Juan Guti\u00e9rrez \u00abJuanito\u00bb, Alejandro Lembo, Luis Fern\u00e1ndez, Juan Alberto Andreu \u00abMelli\u00bb,&nbsp; Arturo Garc\u00eda \u00abArzu\u00bb,&nbsp; Fernando Fern\u00e1ndez, Jes\u00fas Capit\u00e1n \u00abCapi\u00bb, Marcos Assun\u00e7ao, Joaqu\u00edn S\u00e1nchez, Denilson de Oliveira, Daniel Mart\u00edn \u00abDani\u00bb y Alfonso P\u00e9rez.&nbsp;<\/p>","protected":false},"excerpt":{"rendered":"<p>Album de cromos de la temporada 2004-05 de Ediciones Este con las siguientes unidades: escudo del club, el entrenador Lorenzo Serra y los jugadores Toni Prats, Pedro Contreras, Fernando Varela, David Rivas, Juan Guti\u00e9rrez \u00abJuanito\u00bb, Alejandro Lembo, Luis Fern\u00e1ndez, Juan Alberto Andreu \u00abMelli\u00bb,&nbsp; Arturo Garc\u00eda \u00abArzu\u00bb,&nbsp; Fernando Fern\u00e1ndez, Jes\u00fas Capit\u00e1n \u00abCapi\u00bb, Marcos Assun\u00e7ao, Joaqu\u00edn S\u00e1nchez,&#8230;<\/p>\n","protected":false},"author":5,"featured_media":90097,"comment_status":"open","ping_status":"open","sticky":false,"template":"","format":"standard","meta":{"_kad_post_transparent":"","_kad_post_title":"","_kad_post_layout":"","_kad_post_sidebar_id":"","_kad_post_content_style":"","_kad_post_vertical_padding":"","_kad_post_feature":"","_kad_post_feature_position":"","_kad_post_header":false,"_kad_post_footer":false,"_kad_post_classname":"","_jetpack_memberships_contains_paid_content":false,"footnotes":"","jetpack_publicize_message":"","jetpack_publicize_feature_enabled":true,"jetpack_social_post_already_shared":true,"jetpack_social_options":{"image_generator_settings":{"template":"highway","default_image_id":0,"font":"","enabled":false},"version":2}},"categories":[4823,1],"tags":[5910,14713,1441,1341,1383,281,2418,1364,374,3127,3912,1481,1367,1457,3495,563,3748,16815],"class_list":["post-90093","post","type-post","status-publish","format-standard","has-post-thumbnail","hentry","category-2000-2009","category-portada","tag-2004-05","tag-alejandro-lembo","tag-alfonso-perez","tag-arturo-garcia-arzu","tag-daniel-martin-dani","tag-david-rivas","tag-denilson-de-oliveira","tag-fernando-fernandez","tag-fernando-varela","tag-jesus-capitan-capi","tag-joaquin-sanchez","tag-juan-alberto-andreu-melli","tag-juan-gutierrez-juanito","tag-lorenzo-serra","tag-luis-fernandez","tag-marcos-assuncao","tag-pedro-contreras","tag-toni-prats"],"jetpack_publicize_connections":[],"jetpack_featured_media_url":"https:\/\/i0.wp.com\/www.manquepierda.com\/historiarealbetis\/files\/2023\/07\/Album-de-cromos-2004-05-1.jpg?fit=1023%2C742&ssl=1","jetpack_sharing_enabled":true,"jetpack_shortlink":"https:\/\/wp.me\/p1ij08-nr7","jetpack-related-posts":[],"_links":{"self":[{"href":"https:\/\/www.manquepierda.com\/historiarealbetis\/wp-json\/wp\/v2\/posts\/90093","targetHints":{"allow":["GET"]}}],"collection":[{"href":"https:\/\/www.manquepierda.com\/historiarealbetis\/wp-json\/wp\/v2\/posts"}],"about":[{"href":"https:\/\/www.manquepierda.com\/historiarealbetis\/wp-json\/wp\/v2\/types\/post"}],"author":[{"embeddable":true,"href":"https:\/\/www.manquepierda.com\/historiarealbetis\/wp-json\/wp\/v2\/users\/5"}],"replies":[{"embeddable":true,"href":"https:\/\/www.manquepierda.com\/historiarealbetis\/wp-json\/wp\/v2\/comments?post=90093"}],"version-history":[{"count":4,"href":"https:\/\/www.manquepierda.com\/historiarealbetis\/wp-json\/wp\/v2\/posts\/90093\/revisions"}],"predecessor-version":[{"id":99946,"href":"https:\/\/www.manquepierda.com\/historiarealbetis\/wp-json\/wp\/v2\/posts\/90093\/revisions\/99946"}],"wp:featuredmedia":[{"embeddable":true,"href":"https:\/\/www.manquepierda.com\/historiarealbetis\/wp-json\/wp\/v2\/media\/90097"}],"wp:attachment":[{"href":"https:\/\/www.manquepierda.com\/historiarealbetis\/wp-json\/wp\/v2\/media?parent=90093"}],"wp:term":[{"taxonomy":"category","embeddable":true,"href":"https:\/\/www.manquepierda.com\/historiarealbetis\/wp-json\/wp\/v2\/categories?post=90093"},{"taxonomy":"post_tag","embeddable":true,"href":"https:\/\/www.manquepierda.com\/historiarealbetis\/wp-json\/wp\/v2\/tags?post=90093"}],"curies":[{"name":"wp","href":"https:\/\/api.w.org\/{rel}","templated":true}]}}