{"id":90099,"date":"2023-07-25T10:20:00","date_gmt":"2023-07-25T08:20:00","guid":{"rendered":"https:\/\/www.manquepierda.com\/historiarealbetis\/?p=90099"},"modified":"2024-12-20T08:00:27","modified_gmt":"2024-12-20T07:00:27","slug":"aficion-betica-en-sarria-1995","status":"publish","type":"post","link":"https:\/\/www.manquepierda.com\/historiarealbetis\/aficion-betica-en-sarria-1995\/","title":{"rendered":"Afici\u00f3n b\u00e9tica en Sarri\u00e1 1995"},"content":{"rendered":"<div class=\"wp-block-image\">\n<figure class=\"aligncenter size-full\"><img data-recalc-dims=\"1\" loading=\"lazy\" decoding=\"async\" width=\"448\" height=\"526\" src=\"https:\/\/i0.wp.com\/www.manquepierda.com\/historiarealbetis\/files\/2023\/07\/Aficion-betica-en-Sarria-1995.jpg?resize=448%2C526&#038;ssl=1\" alt=\"\" class=\"wp-image-90100\" srcset=\"https:\/\/i0.wp.com\/www.manquepierda.com\/historiarealbetis\/files\/2023\/07\/Aficion-betica-en-Sarria-1995.jpg?w=448&amp;ssl=1 448w, https:\/\/i0.wp.com\/www.manquepierda.com\/historiarealbetis\/files\/2023\/07\/Aficion-betica-en-Sarria-1995.jpg?resize=187%2C220&amp;ssl=1 187w\" sizes=\"auto, (max-width: 448px) 100vw, 448px\" \/><\/figure>\n<\/div>\n\n\n\n<p><\/p>\n<p>20 de diciembre de 1995 en Sarri\u00e1 aficionados b\u00e9ticos durante el Espanyol 1 Betis correspondiente a la jornada 18 del Campeonato de Liga de Primera Divisi\u00f3n.<\/p>","protected":false},"excerpt":{"rendered":"<p>20 de diciembre de 1995 en Sarri\u00e1 aficionados b\u00e9ticos durante el Espanyol 1 Betis correspondiente a la jornada 18 del Campeonato de Liga de Primera Divisi\u00f3n.<\/p>\n","protected":false},"author":5,"featured_media":90100,"comment_status":"open","ping_status":"open","sticky":false,"template":"","format":"standard","meta":{"_kad_post_transparent":"","_kad_post_title":"","_kad_post_layout":"","_kad_post_sidebar_id":"","_kad_post_content_style":"","_kad_post_vertical_padding":"","_kad_post_feature":"","_kad_post_feature_position":"","_kad_post_header":false,"_kad_post_footer":false,"_kad_post_classname":"","_jetpack_memberships_contains_paid_content":false,"footnotes":"","jetpack_publicize_message":"","jetpack_publicize_feature_enabled":true,"jetpack_social_post_already_shared":true,"jetpack_social_options":{"image_generator_settings":{"template":"highway","default_image_id":0,"font":"","enabled":false},"version":2}},"categories":[905,894,1],"tags":[2459,3046,4277,17879,711],"class_list":["post-90099","post","type-post","status-publish","format-standard","has-post-thumbnail","hentry","category-1990-1999","category-la-aficion","category-portada","tag-2459","tag-1995-96","tag-estadio-carretera-de-sarria","tag-liga-primera-1995-96","tag-rcd-espanyol"],"jetpack_publicize_connections":[],"jetpack_featured_media_url":"https:\/\/i0.wp.com\/www.manquepierda.com\/historiarealbetis\/files\/2023\/07\/Aficion-betica-en-Sarria-1995.jpg?fit=448%2C526&ssl=1","jetpack_sharing_enabled":true,"jetpack_shortlink":"https:\/\/wp.me\/p1ij08-nrd","jetpack-related-posts":[],"_links":{"self":[{"href":"https:\/\/www.manquepierda.com\/historiarealbetis\/wp-json\/wp\/v2\/posts\/90099","targetHints":{"allow":["GET"]}}],"collection":[{"href":"https:\/\/www.manquepierda.com\/historiarealbetis\/wp-json\/wp\/v2\/posts"}],"about":[{"href":"https:\/\/www.manquepierda.com\/historiarealbetis\/wp-json\/wp\/v2\/types\/post"}],"author":[{"embeddable":true,"href":"https:\/\/www.manquepierda.com\/historiarealbetis\/wp-json\/wp\/v2\/users\/5"}],"replies":[{"embeddable":true,"href":"https:\/\/www.manquepierda.com\/historiarealbetis\/wp-json\/wp\/v2\/comments?post=90099"}],"version-history":[{"count":2,"href":"https:\/\/www.manquepierda.com\/historiarealbetis\/wp-json\/wp\/v2\/posts\/90099\/revisions"}],"predecessor-version":[{"id":90102,"href":"https:\/\/www.manquepierda.com\/historiarealbetis\/wp-json\/wp\/v2\/posts\/90099\/revisions\/90102"}],"wp:featuredmedia":[{"embeddable":true,"href":"https:\/\/www.manquepierda.com\/historiarealbetis\/wp-json\/wp\/v2\/media\/90100"}],"wp:attachment":[{"href":"https:\/\/www.manquepierda.com\/historiarealbetis\/wp-json\/wp\/v2\/media?parent=90099"}],"wp:term":[{"taxonomy":"category","embeddable":true,"href":"https:\/\/www.manquepierda.com\/historiarealbetis\/wp-json\/wp\/v2\/categories?post=90099"},{"taxonomy":"post_tag","embeddable":true,"href":"https:\/\/www.manquepierda.com\/historiarealbetis\/wp-json\/wp\/v2\/tags?post=90099"}],"curies":[{"name":"wp","href":"https:\/\/api.w.org\/{rel}","templated":true}]}}