{"id":90146,"date":"2023-08-01T12:00:00","date_gmt":"2023-08-01T10:00:00","guid":{"rendered":"https:\/\/www.manquepierda.com\/historiarealbetis\/?p=90146"},"modified":"2023-07-30T08:12:32","modified_gmt":"2023-07-30T06:12:32","slug":"hoy-hace-25-anos-antonio-oliveira-nuevo-tecnico-del-betis","status":"publish","type":"post","link":"https:\/\/www.manquepierda.com\/historiarealbetis\/hoy-hace-25-anos-antonio-oliveira-nuevo-tecnico-del-betis\/","title":{"rendered":"Hoy hace 25 a\u00f1os. Antonio Oliveira nuevo t\u00e9cnico del Betis."},"content":{"rendered":"<div class=\"wp-block-image\">\n<figure class=\"aligncenter size-full\"><img data-recalc-dims=\"1\" loading=\"lazy\" decoding=\"async\" width=\"385\" height=\"611\" src=\"https:\/\/i0.wp.com\/www.manquepierda.com\/historiarealbetis\/files\/2023\/07\/1-1998-Antonio-Oliveira-nuevo-tecnico-1.jpg?resize=385%2C611&#038;ssl=1\" alt=\"\" class=\"wp-image-90148\" srcset=\"https:\/\/i0.wp.com\/www.manquepierda.com\/historiarealbetis\/files\/2023\/07\/1-1998-Antonio-Oliveira-nuevo-tecnico-1.jpg?w=385&amp;ssl=1 385w, https:\/\/i0.wp.com\/www.manquepierda.com\/historiarealbetis\/files\/2023\/07\/1-1998-Antonio-Oliveira-nuevo-tecnico-1.jpg?resize=378%2C600&amp;ssl=1 378w, https:\/\/i0.wp.com\/www.manquepierda.com\/historiarealbetis\/files\/2023\/07\/1-1998-Antonio-Oliveira-nuevo-tecnico-1.jpg?resize=139%2C220&amp;ssl=1 139w\" sizes=\"auto, (max-width: 385px) 100vw, 385px\" \/><\/figure>\n<\/div>\n\n<p>\u00a0<\/p>\n<p><span style=\"color: #008000\">El 1 de agosto de 1998 es confirmado como nuevo entrenador del Real Betis Balompi\u00e9 el portugu\u00e9s Antonio Oliveira.<\/span><\/p>\n<p><span style=\"color: #008000\">Tras la dimisi\u00f3n de Luis Aragon\u00e9s 5 d\u00edas antes se busc\u00f3 como alternativa a este ex jugador b\u00e9tico de 46 a\u00f1os, con experiencia en los banquillos en diversos clubs portugueses as\u00ed como en la selecci\u00f3n lusa.<\/span><\/p>\n<p><span style=\"color: #008000\">Ese mismo d\u00eda asisti\u00f3 junto a Ruiz de Lopera al amistoso que el Betis disput\u00f3 en Almendralejo frente al Extremadura.<\/span><\/p>","protected":false},"excerpt":{"rendered":"<p>\u00a0 El 1 de agosto de 1998 es confirmado como nuevo entrenador del Real Betis Balompi\u00e9 el portugu\u00e9s Antonio Oliveira. Tras la dimisi\u00f3n de Luis Aragon\u00e9s 5 d\u00edas antes se busc\u00f3 como alternativa a este ex jugador b\u00e9tico de 46 a\u00f1os, con experiencia en los banquillos en diversos clubs portugueses as\u00ed como en la selecci\u00f3n&#8230;<\/p>\n","protected":false},"author":5,"featured_media":90148,"comment_status":"open","ping_status":"open","sticky":false,"template":"","format":"standard","meta":{"_kad_post_transparent":"","_kad_post_title":"","_kad_post_layout":"","_kad_post_sidebar_id":"","_kad_post_content_style":"","_kad_post_vertical_padding":"","_kad_post_feature":"","_kad_post_feature_position":"","_kad_post_header":false,"_kad_post_footer":false,"_kad_post_classname":"","_jetpack_memberships_contains_paid_content":false,"footnotes":"","jetpack_publicize_message":"","jetpack_publicize_feature_enabled":true,"jetpack_social_post_already_shared":true,"jetpack_social_options":{"image_generator_settings":{"template":"highway","default_image_id":0,"font":"","enabled":false},"version":2}},"categories":[905,14583,1],"tags":[2413,1277],"class_list":["post-90146","post","type-post","status-publish","format-standard","has-post-thumbnail","hentry","category-1990-1999","category-efemerides","category-portada","tag-2413","tag-antonio-oliveira"],"jetpack_publicize_connections":[],"jetpack_featured_media_url":"https:\/\/i0.wp.com\/www.manquepierda.com\/historiarealbetis\/files\/2023\/07\/1-1998-Antonio-Oliveira-nuevo-tecnico-1.jpg?fit=385%2C611&ssl=1","jetpack_sharing_enabled":true,"jetpack_shortlink":"https:\/\/wp.me\/p1ij08-nrY","jetpack-related-posts":[],"_links":{"self":[{"href":"https:\/\/www.manquepierda.com\/historiarealbetis\/wp-json\/wp\/v2\/posts\/90146","targetHints":{"allow":["GET"]}}],"collection":[{"href":"https:\/\/www.manquepierda.com\/historiarealbetis\/wp-json\/wp\/v2\/posts"}],"about":[{"href":"https:\/\/www.manquepierda.com\/historiarealbetis\/wp-json\/wp\/v2\/types\/post"}],"author":[{"embeddable":true,"href":"https:\/\/www.manquepierda.com\/historiarealbetis\/wp-json\/wp\/v2\/users\/5"}],"replies":[{"embeddable":true,"href":"https:\/\/www.manquepierda.com\/historiarealbetis\/wp-json\/wp\/v2\/comments?post=90146"}],"version-history":[{"count":3,"href":"https:\/\/www.manquepierda.com\/historiarealbetis\/wp-json\/wp\/v2\/posts\/90146\/revisions"}],"predecessor-version":[{"id":90311,"href":"https:\/\/www.manquepierda.com\/historiarealbetis\/wp-json\/wp\/v2\/posts\/90146\/revisions\/90311"}],"wp:featuredmedia":[{"embeddable":true,"href":"https:\/\/www.manquepierda.com\/historiarealbetis\/wp-json\/wp\/v2\/media\/90148"}],"wp:attachment":[{"href":"https:\/\/www.manquepierda.com\/historiarealbetis\/wp-json\/wp\/v2\/media?parent=90146"}],"wp:term":[{"taxonomy":"category","embeddable":true,"href":"https:\/\/www.manquepierda.com\/historiarealbetis\/wp-json\/wp\/v2\/categories?post=90146"},{"taxonomy":"post_tag","embeddable":true,"href":"https:\/\/www.manquepierda.com\/historiarealbetis\/wp-json\/wp\/v2\/tags?post=90146"}],"curies":[{"name":"wp","href":"https:\/\/api.w.org\/{rel}","templated":true}]}}