{"id":90159,"date":"2023-08-04T12:00:00","date_gmt":"2023-08-04T10:00:00","guid":{"rendered":"https:\/\/www.manquepierda.com\/historiarealbetis\/?p=90159"},"modified":"2023-07-30T08:21:52","modified_gmt":"2023-07-30T06:21:52","slug":"hoy-hace-25-anos-presentacion-del-betis-2","status":"publish","type":"post","link":"https:\/\/www.manquepierda.com\/historiarealbetis\/hoy-hace-25-anos-presentacion-del-betis-2\/","title":{"rendered":"Hoy hace 25 a\u00f1os. Presentaci\u00f3n del Betis."},"content":{"rendered":"<div class=\"wp-block-image\">\n<figure class=\"aligncenter size-full is-resized\"><img data-recalc-dims=\"1\" loading=\"lazy\" decoding=\"async\" src=\"https:\/\/i0.wp.com\/www.manquepierda.com\/historiarealbetis\/files\/2023\/07\/4-1998-Presentacion-del-Betis.jpg?resize=662%2C433&#038;ssl=1\" alt=\"\" class=\"wp-image-90160\" width=\"662\" height=\"433\" srcset=\"https:\/\/i0.wp.com\/www.manquepierda.com\/historiarealbetis\/files\/2023\/07\/4-1998-Presentacion-del-Betis.jpg?w=512&amp;ssl=1 512w, https:\/\/i0.wp.com\/www.manquepierda.com\/historiarealbetis\/files\/2023\/07\/4-1998-Presentacion-del-Betis.jpg?resize=220%2C144&amp;ssl=1 220w\" sizes=\"auto, (max-width: 662px) 100vw, 662px\" \/><\/figure>\n<\/div>\n\n<p>\u00a0<\/p>\n<p><span style=\"color: #008000\">El 4 de agosto de 1998 en el estadio Benito Villamar\u00edn tiene lugar la presentaci\u00f3n oficial de la primera plantilla del Real Betis Balompi\u00e9.<\/span><\/p>\n<p><span style=\"color: #008000\">Ante unos 25 mil aficionados fue el propio Ruiz de Lopera quien micr\u00f3fono en mano fue anunciando a los jugadores de la plantilla b\u00e9tica, centrando la m\u00e1xima expectaci\u00f3n en la presentaci\u00f3n de Denilson: <em>\u201cDec\u00edan que este jugador no se iba a poner la camiseta del Betis, pero para que se la quiten tienen que cerrar un banco\u201d. \u00a0<\/em><\/span><\/p>\n<p><span style=\"color: #008000\">La otra gran novedad ese d\u00eda fue la presencia de Antonio Oliveira, firmado como entrenador de la plantilla s\u00f3lo 3 d\u00edas antes, tras la dimisi\u00f3n de Luis Aragon\u00e9s en plena concentraci\u00f3n de pretemporada en Chiclana por sus divergencias con Ruiz de Lopera y las imposiciones de \u00e9ste en la confecci\u00f3n de la plantilla.\u00a0<\/span><\/p>","protected":false},"excerpt":{"rendered":"<p>\u00a0 El 4 de agosto de 1998 en el estadio Benito Villamar\u00edn tiene lugar la presentaci\u00f3n oficial de la primera plantilla del Real Betis Balompi\u00e9. Ante unos 25 mil aficionados fue el propio Ruiz de Lopera quien micr\u00f3fono en mano fue anunciando a los jugadores de la plantilla b\u00e9tica, centrando la m\u00e1xima expectaci\u00f3n en la&#8230;<\/p>\n","protected":false},"author":5,"featured_media":90160,"comment_status":"open","ping_status":"open","sticky":false,"template":"","format":"standard","meta":{"_kad_post_transparent":"","_kad_post_title":"","_kad_post_layout":"","_kad_post_sidebar_id":"","_kad_post_content_style":"","_kad_post_vertical_padding":"","_kad_post_feature":"","_kad_post_feature_position":"","_kad_post_header":false,"_kad_post_footer":false,"_kad_post_classname":"","_jetpack_memberships_contains_paid_content":false,"footnotes":"","jetpack_publicize_message":"","jetpack_publicize_feature_enabled":true,"jetpack_social_post_already_shared":true,"jetpack_social_options":{"image_generator_settings":{"template":"highway","default_image_id":0,"font":"","enabled":false},"version":2}},"categories":[905,14583,1],"tags":[2413,9557],"class_list":["post-90159","post","type-post","status-publish","format-standard","has-post-thumbnail","hentry","category-1990-1999","category-efemerides","category-portada","tag-2413","tag-estadio-benito-villamarin-presentacion"],"jetpack_publicize_connections":[],"jetpack_featured_media_url":"https:\/\/i0.wp.com\/www.manquepierda.com\/historiarealbetis\/files\/2023\/07\/4-1998-Presentacion-del-Betis.jpg?fit=512%2C335&ssl=1","jetpack_sharing_enabled":true,"jetpack_shortlink":"https:\/\/wp.me\/p1ij08-nsb","jetpack-related-posts":[],"_links":{"self":[{"href":"https:\/\/www.manquepierda.com\/historiarealbetis\/wp-json\/wp\/v2\/posts\/90159","targetHints":{"allow":["GET"]}}],"collection":[{"href":"https:\/\/www.manquepierda.com\/historiarealbetis\/wp-json\/wp\/v2\/posts"}],"about":[{"href":"https:\/\/www.manquepierda.com\/historiarealbetis\/wp-json\/wp\/v2\/types\/post"}],"author":[{"embeddable":true,"href":"https:\/\/www.manquepierda.com\/historiarealbetis\/wp-json\/wp\/v2\/users\/5"}],"replies":[{"embeddable":true,"href":"https:\/\/www.manquepierda.com\/historiarealbetis\/wp-json\/wp\/v2\/comments?post=90159"}],"version-history":[{"count":3,"href":"https:\/\/www.manquepierda.com\/historiarealbetis\/wp-json\/wp\/v2\/posts\/90159\/revisions"}],"predecessor-version":[{"id":90317,"href":"https:\/\/www.manquepierda.com\/historiarealbetis\/wp-json\/wp\/v2\/posts\/90159\/revisions\/90317"}],"wp:featuredmedia":[{"embeddable":true,"href":"https:\/\/www.manquepierda.com\/historiarealbetis\/wp-json\/wp\/v2\/media\/90160"}],"wp:attachment":[{"href":"https:\/\/www.manquepierda.com\/historiarealbetis\/wp-json\/wp\/v2\/media?parent=90159"}],"wp:term":[{"taxonomy":"category","embeddable":true,"href":"https:\/\/www.manquepierda.com\/historiarealbetis\/wp-json\/wp\/v2\/categories?post=90159"},{"taxonomy":"post_tag","embeddable":true,"href":"https:\/\/www.manquepierda.com\/historiarealbetis\/wp-json\/wp\/v2\/tags?post=90159"}],"curies":[{"name":"wp","href":"https:\/\/api.w.org\/{rel}","templated":true}]}}