{"id":90192,"date":"2023-08-08T12:00:00","date_gmt":"2023-08-08T10:00:00","guid":{"rendered":"https:\/\/www.manquepierda.com\/historiarealbetis\/?p=90192"},"modified":"2025-07-20T15:11:57","modified_gmt":"2025-07-20T13:11:57","slug":"hoy-hace-65-anos-fichaje-de-juan-ignacio-otero","status":"publish","type":"post","link":"https:\/\/www.manquepierda.com\/historiarealbetis\/hoy-hace-65-anos-fichaje-de-juan-ignacio-otero\/","title":{"rendered":"Hoy hace 65 a\u00f1os. Fichaje de Juan Ignacio Otero."},"content":{"rendered":"<div class=\"wp-block-image\">\n<figure class=\"aligncenter size-large is-resized\"><img data-recalc-dims=\"1\" loading=\"lazy\" decoding=\"async\" src=\"https:\/\/i0.wp.com\/www.manquepierda.com\/historiarealbetis\/files\/2023\/07\/8-1958-Fichaje-de-Juan-Ignacio-Otero.jpg?resize=321%2C525&#038;ssl=1\" alt=\"\" class=\"wp-image-90193\" width=\"321\" height=\"525\" srcset=\"https:\/\/i0.wp.com\/www.manquepierda.com\/historiarealbetis\/files\/2023\/07\/8-1958-Fichaje-de-Juan-Ignacio-Otero-scaled.jpg?resize=428%2C700&amp;ssl=1 428w, https:\/\/i0.wp.com\/www.manquepierda.com\/historiarealbetis\/files\/2023\/07\/8-1958-Fichaje-de-Juan-Ignacio-Otero-scaled.jpg?resize=367%2C600&amp;ssl=1 367w, https:\/\/i0.wp.com\/www.manquepierda.com\/historiarealbetis\/files\/2023\/07\/8-1958-Fichaje-de-Juan-Ignacio-Otero-scaled.jpg?resize=135%2C220&amp;ssl=1 135w, https:\/\/i0.wp.com\/www.manquepierda.com\/historiarealbetis\/files\/2023\/07\/8-1958-Fichaje-de-Juan-Ignacio-Otero-scaled.jpg?resize=768%2C1255&amp;ssl=1 768w, https:\/\/i0.wp.com\/www.manquepierda.com\/historiarealbetis\/files\/2023\/07\/8-1958-Fichaje-de-Juan-Ignacio-Otero-scaled.jpg?w=1566&amp;ssl=1 1566w\" sizes=\"auto, (max-width: 321px) 100vw, 321px\" \/><\/figure>\n<\/div>\n\n<p><\/p>\n<p><span style=\"color: #008000\">El 8 de agosto de 1958 ficha por el Real Betis Balompi\u00e9 Juan Ignacio Otero Couceiro, guardameta de 29 a\u00f1os que llega desde el Deportivo de La Coru\u00f1a.<\/span><\/p>\n<p><span style=\"color: #008000\">Otero permaneci\u00f3 4 temporadas en la plantilla verdiblanca. Para saber m\u00e1s de su trayectoria b\u00e9tica ver <a href=\"https:\/\/www.manquepierda.com\/historiarealbetis\/juan-ignacio-otero\/\"><strong>aqu\u00ed.<\/strong><\/a><\/span><\/p>","protected":false},"excerpt":{"rendered":"<p>El 8 de agosto de 1958 ficha por el Real Betis Balompi\u00e9 Juan Ignacio Otero Couceiro, guardameta de 29 a\u00f1os que llega desde el Deportivo de La Coru\u00f1a. Otero permaneci\u00f3 4 temporadas en la plantilla verdiblanca. Para saber m\u00e1s de su trayectoria b\u00e9tica ver aqu\u00ed.<\/p>\n","protected":false},"author":5,"featured_media":90193,"comment_status":"open","ping_status":"open","sticky":false,"template":"","format":"standard","meta":{"_kad_post_transparent":"","_kad_post_title":"","_kad_post_layout":"","_kad_post_sidebar_id":"","_kad_post_content_style":"","_kad_post_vertical_padding":"","_kad_post_feature":"","_kad_post_feature_position":"","_kad_post_header":false,"_kad_post_footer":false,"_kad_post_classname":"","_jetpack_memberships_contains_paid_content":false,"footnotes":"","jetpack_publicize_message":"","jetpack_publicize_feature_enabled":true,"jetpack_social_post_already_shared":true,"jetpack_social_options":{"image_generator_settings":{"template":"highway","default_image_id":0,"font":"","enabled":false},"version":2}},"categories":[901,14583,1],"tags":[1237,1468,16882],"class_list":["post-90192","post","type-post","status-publish","format-standard","has-post-thumbnail","hentry","category-1950-1959","category-efemerides","category-portada","tag-1237","tag-juan-ignacio-otero","tag-real-club-deportivo-la-coruna"],"jetpack_publicize_connections":[],"jetpack_featured_media_url":"https:\/\/i0.wp.com\/www.manquepierda.com\/historiarealbetis\/files\/2023\/07\/8-1958-Fichaje-de-Juan-Ignacio-Otero-scaled.jpg?fit=1566%2C2560&ssl=1","jetpack_sharing_enabled":true,"jetpack_shortlink":"https:\/\/wp.me\/p1ij08-nsI","jetpack-related-posts":[],"_links":{"self":[{"href":"https:\/\/www.manquepierda.com\/historiarealbetis\/wp-json\/wp\/v2\/posts\/90192","targetHints":{"allow":["GET"]}}],"collection":[{"href":"https:\/\/www.manquepierda.com\/historiarealbetis\/wp-json\/wp\/v2\/posts"}],"about":[{"href":"https:\/\/www.manquepierda.com\/historiarealbetis\/wp-json\/wp\/v2\/types\/post"}],"author":[{"embeddable":true,"href":"https:\/\/www.manquepierda.com\/historiarealbetis\/wp-json\/wp\/v2\/users\/5"}],"replies":[{"embeddable":true,"href":"https:\/\/www.manquepierda.com\/historiarealbetis\/wp-json\/wp\/v2\/comments?post=90192"}],"version-history":[{"count":2,"href":"https:\/\/www.manquepierda.com\/historiarealbetis\/wp-json\/wp\/v2\/posts\/90192\/revisions"}],"predecessor-version":[{"id":90195,"href":"https:\/\/www.manquepierda.com\/historiarealbetis\/wp-json\/wp\/v2\/posts\/90192\/revisions\/90195"}],"wp:featuredmedia":[{"embeddable":true,"href":"https:\/\/www.manquepierda.com\/historiarealbetis\/wp-json\/wp\/v2\/media\/90193"}],"wp:attachment":[{"href":"https:\/\/www.manquepierda.com\/historiarealbetis\/wp-json\/wp\/v2\/media?parent=90192"}],"wp:term":[{"taxonomy":"category","embeddable":true,"href":"https:\/\/www.manquepierda.com\/historiarealbetis\/wp-json\/wp\/v2\/categories?post=90192"},{"taxonomy":"post_tag","embeddable":true,"href":"https:\/\/www.manquepierda.com\/historiarealbetis\/wp-json\/wp\/v2\/tags?post=90192"}],"curies":[{"name":"wp","href":"https:\/\/api.w.org\/{rel}","templated":true}]}}