{"id":90215,"date":"2023-07-27T09:52:00","date_gmt":"2023-07-27T07:52:00","guid":{"rendered":"https:\/\/www.manquepierda.com\/historiarealbetis\/?p=90215"},"modified":"2023-07-24T19:17:58","modified_gmt":"2023-07-24T17:17:58","slug":"nelson-tomar","status":"publish","type":"post","link":"https:\/\/www.manquepierda.com\/historiarealbetis\/nelson-tomar\/","title":{"rendered":"Nelson Tomar"},"content":{"rendered":"<div class=\"wp-block-image\">\n<figure class=\"aligncenter size-full is-resized\"><img data-recalc-dims=\"1\" loading=\"lazy\" decoding=\"async\" src=\"https:\/\/i0.wp.com\/www.manquepierda.com\/historiarealbetis\/files\/2023\/07\/Nelson.jpg?resize=548%2C456&#038;ssl=1\" alt=\"\" class=\"wp-image-90216\" width=\"548\" height=\"456\" srcset=\"https:\/\/i0.wp.com\/www.manquepierda.com\/historiarealbetis\/files\/2023\/07\/Nelson.jpg?w=250&amp;ssl=1 250w, https:\/\/i0.wp.com\/www.manquepierda.com\/historiarealbetis\/files\/2023\/07\/Nelson.jpg?resize=220%2C183&amp;ssl=1 220w\" sizes=\"auto, (max-width: 548px) 100vw, 548px\" \/><\/figure>\n<\/div>\n\n<p>\u00a0<\/p>\n<p><strong>Nelson Augusto Tomar Marcos<\/strong>, nacido el 10 de junio de 1983 en Sal (Cabo Verde).<\/p>\n<p>Defensa.<\/p>\n<p>Sus primeros pasos en el f\u00fatbol profesional portugu\u00e9s los dio en el Vilanovense y posteriormente en el Salgueiros. De ah\u00ed pas\u00f3 ya al Boavista, y tras un a\u00f1o destacado en el conjunto ajedrezado fich\u00f3 por el Benfica en 2005. Al a\u00f1o siguiente consigui\u00f3 la nacionalidad portuguesa.<\/p>\n<p>En el verano de 2008 fue fichado por el Betis a cambio de 6 millones de euros, firmando un contrato por 5 a\u00f1os. Debut\u00f3 en partido oficial el 31 de agosto en el Ruiz de Lopera en la primera jornada de Liga contra el Recreativo de Huelva, saltando al campo en el minuto 73 para suplir a Juande. En su primera temporada intervino con mucha asiduidad en los partidos del equipo b\u00e9tico; en la segunda algo menos y en la tercera fue cedido a Osasuna.<\/p>\n<p>En marzo de 2009 debut\u00f3 con la selecci\u00f3n portuguesa, con la que jug\u00f3 4 partidos, de los que en 3 pertenec\u00eda al Betis.<\/p>\n<p>Tras su vuelta al Betis en 2011 sus intervenciones en el equipo fueron ya m\u00e1s espor\u00e1dicas, abandonado el club en enero de 2013 para fichar por el Palermo.\u00a0<\/p>\n<p>Posteriormente jug\u00f3 en el Almer\u00eda, Belenenses, Alcorc\u00f3n y AEK Larnaca.<\/p>\n<p>Historial<\/p>\n<table width=\"240\">\n<tbody>\n<tr>\n<td width=\"80\">2002-03<\/td>\n<td width=\"80\">Vilanovense<\/td>\n<td width=\"80\">Segunda<\/td>\n<\/tr>\n<tr>\n<td>2003-04<\/td>\n<td>Salgueiros<\/td>\n<td>Segunda<\/td>\n<\/tr>\n<tr>\n<td>2004-05<\/td>\n<td>Boavista<\/td>\n<td>Primera<\/td>\n<\/tr>\n<tr>\n<td>2005-06<\/td>\n<td>Benfica<\/td>\n<td>Primera<\/td>\n<\/tr>\n<tr>\n<td>2006-07<\/td>\n<td>Benfica<\/td>\n<td>Primera<\/td>\n<\/tr>\n<tr>\n<td>2007-08<\/td>\n<td>Benfica<\/td>\n<td>Primera<\/td>\n<\/tr>\n<tr>\n<td>2008-09<\/td>\n<td>Betis<\/td>\n<td>Primera<\/td>\n<\/tr>\n<tr>\n<td>2009-10<\/td>\n<td>Betis<\/td>\n<td>Segunda<\/td>\n<\/tr>\n<tr>\n<td>2010-11<\/td>\n<td>Osasuna<\/td>\n<td>Primera<\/td>\n<\/tr>\n<tr>\n<td>2011-12<\/td>\n<td>Betis<\/td>\n<td>Primera<\/td>\n<\/tr>\n<tr>\n<td>2012-13<\/td>\n<td>Betis<\/td>\n<td>Primera<\/td>\n<\/tr>\n<tr>\n<td>2012-13<\/td>\n<td>Palermo<\/td>\n<td>Primera<\/td>\n<\/tr>\n<tr>\n<td>2013-14<\/td>\n<td>Almer\u00eda<\/td>\n<td>Primera<\/td>\n<\/tr>\n<tr>\n<td>2014-15<\/td>\n<td>\u00a0Belenenses<\/td>\n<td>Primera<\/td>\n<\/tr>\n<tr>\n<td>2015-16<\/td>\n<td>Alcorc\u00f3n<\/td>\n<td>Segunda<\/td>\n<\/tr>\n<tr>\n<td>2016-17<\/td>\n<td>Alcorc\u00f3n<\/td>\n<td>Segunda<\/td>\n<\/tr>\n<tr>\n<td>2017-18<\/td>\n<td>AEK Larnaca<\/td>\n<td>Primera<\/td>\n<\/tr>\n<\/tbody>\n<\/table>\n<p>En sus 4 temporadas en el Betis Nelson jug\u00f3 80 partidos de Liga marcando 1 gol, 3 de Copa y 21 amistosos.\u00a0<\/p>","protected":false},"excerpt":{"rendered":"<p>\u00a0 Nelson Augusto Tomar Marcos, nacido el 10 de junio de 1983 en Sal (Cabo Verde). Defensa. Sus primeros pasos en el f\u00fatbol profesional portugu\u00e9s los dio en el Vilanovense y posteriormente en el Salgueiros. De ah\u00ed pas\u00f3 ya al Boavista, y tras un a\u00f1o destacado en el conjunto ajedrezado fich\u00f3 por el Benfica en&#8230;<\/p>\n","protected":false},"author":5,"featured_media":90216,"comment_status":"open","ping_status":"open","sticky":false,"template":"","format":"standard","meta":{"_kad_post_transparent":"","_kad_post_title":"","_kad_post_layout":"","_kad_post_sidebar_id":"","_kad_post_content_style":"","_kad_post_vertical_padding":"","_kad_post_feature":"","_kad_post_feature_position":"","_kad_post_header":false,"_kad_post_footer":false,"_kad_post_classname":"","_jetpack_memberships_contains_paid_content":false,"footnotes":"","jetpack_publicize_message":"","jetpack_publicize_feature_enabled":true,"jetpack_social_post_already_shared":true,"jetpack_social_options":{"image_generator_settings":{"template":"highway","default_image_id":0,"font":"","enabled":false},"version":2}},"categories":[893,1],"tags":[4064],"class_list":["post-90215","post","type-post","status-publish","format-standard","has-post-thumbnail","hentry","category-jugadores-temas","category-portada","tag-nelson-tomar"],"jetpack_publicize_connections":[],"jetpack_featured_media_url":"https:\/\/i0.wp.com\/www.manquepierda.com\/historiarealbetis\/files\/2023\/07\/Nelson.jpg?fit=250%2C208&ssl=1","jetpack_sharing_enabled":true,"jetpack_shortlink":"https:\/\/wp.me\/p1ij08-nt5","jetpack-related-posts":[],"_links":{"self":[{"href":"https:\/\/www.manquepierda.com\/historiarealbetis\/wp-json\/wp\/v2\/posts\/90215","targetHints":{"allow":["GET"]}}],"collection":[{"href":"https:\/\/www.manquepierda.com\/historiarealbetis\/wp-json\/wp\/v2\/posts"}],"about":[{"href":"https:\/\/www.manquepierda.com\/historiarealbetis\/wp-json\/wp\/v2\/types\/post"}],"author":[{"embeddable":true,"href":"https:\/\/www.manquepierda.com\/historiarealbetis\/wp-json\/wp\/v2\/users\/5"}],"replies":[{"embeddable":true,"href":"https:\/\/www.manquepierda.com\/historiarealbetis\/wp-json\/wp\/v2\/comments?post=90215"}],"version-history":[{"count":4,"href":"https:\/\/www.manquepierda.com\/historiarealbetis\/wp-json\/wp\/v2\/posts\/90215\/revisions"}],"predecessor-version":[{"id":90220,"href":"https:\/\/www.manquepierda.com\/historiarealbetis\/wp-json\/wp\/v2\/posts\/90215\/revisions\/90220"}],"wp:featuredmedia":[{"embeddable":true,"href":"https:\/\/www.manquepierda.com\/historiarealbetis\/wp-json\/wp\/v2\/media\/90216"}],"wp:attachment":[{"href":"https:\/\/www.manquepierda.com\/historiarealbetis\/wp-json\/wp\/v2\/media?parent=90215"}],"wp:term":[{"taxonomy":"category","embeddable":true,"href":"https:\/\/www.manquepierda.com\/historiarealbetis\/wp-json\/wp\/v2\/categories?post=90215"},{"taxonomy":"post_tag","embeddable":true,"href":"https:\/\/www.manquepierda.com\/historiarealbetis\/wp-json\/wp\/v2\/tags?post=90215"}],"curies":[{"name":"wp","href":"https:\/\/api.w.org\/{rel}","templated":true}]}}