{"id":90248,"date":"2023-08-12T12:00:00","date_gmt":"2023-08-12T10:00:00","guid":{"rendered":"https:\/\/www.manquepierda.com\/historiarealbetis\/?p=90248"},"modified":"2023-07-26T11:14:41","modified_gmt":"2023-07-26T09:14:41","slug":"hoy-hace-71-anos-homenaje-a-pepe-valera","status":"publish","type":"post","link":"https:\/\/www.manquepierda.com\/historiarealbetis\/hoy-hace-71-anos-homenaje-a-pepe-valera\/","title":{"rendered":"Hoy hace 71 a\u00f1os. Homenaje a Pepe Valera."},"content":{"rendered":"<div class=\"wp-block-image\">\n<figure class=\"aligncenter size-full\"><img data-recalc-dims=\"1\" loading=\"lazy\" decoding=\"async\" width=\"730\" height=\"554\" src=\"https:\/\/i0.wp.com\/www.manquepierda.com\/historiarealbetis\/files\/2023\/07\/12-1952-Homenaje-a-Pepe-Valera.jpg?resize=730%2C554&#038;ssl=1\" alt=\"\" class=\"wp-image-90249\" srcset=\"https:\/\/i0.wp.com\/www.manquepierda.com\/historiarealbetis\/files\/2023\/07\/12-1952-Homenaje-a-Pepe-Valera.jpg?w=730&amp;ssl=1 730w, https:\/\/i0.wp.com\/www.manquepierda.com\/historiarealbetis\/files\/2023\/07\/12-1952-Homenaje-a-Pepe-Valera.jpg?resize=680%2C516&amp;ssl=1 680w, https:\/\/i0.wp.com\/www.manquepierda.com\/historiarealbetis\/files\/2023\/07\/12-1952-Homenaje-a-Pepe-Valera.jpg?resize=220%2C167&amp;ssl=1 220w\" sizes=\"auto, (max-width: 730px) 100vw, 730px\" \/><\/figure>\n<\/div>\n\n<p><\/p>\n<p><span style=\"color: #008000\">El 12 de agosto de 1952 se celebra en la Venta de Erita\u00f1a un acto de homenaje a Pepe Valera, organizado por un grupo de b\u00e9ticos.<\/span><\/p>\n<p><span style=\"color: #008000\">El acto consisti\u00f3 en una cena, y al t\u00e9rmino de la misma fue Andr\u00e9s Aranda quien tom\u00f3 la palabra para ofrecer el homenaje, haciendo un elogio de la labor llevada a cabo por Pepe Valera en pro del f\u00fatbol andaluz. En el mismo sentido se pronunci\u00f3 a continuaci\u00f3n Pascual Aparicio, terminando el acto con unas palabras de Valera, visiblemente emocionado, para agradecer el acto.<\/span><\/p>\n<p><span style=\"color: #008000\">Pepe Valera hab\u00eda sido integrante del equipo que gan\u00f3 la Liga en 1935, y posteriormente entren\u00f3 al filial b\u00e9tico de la \u00e9poca, el Juventud Balompi\u00e9, entre 1950 y 1952.<\/span><\/p>\n<p><span style=\"color: #008000\">Precisamente en el verano de 1952 obtuvo el t\u00edtulo de entrenador nacional en el curso celebrado en Burgos.<\/span><\/p>","protected":false},"excerpt":{"rendered":"<p>El 12 de agosto de 1952 se celebra en la Venta de Erita\u00f1a un acto de homenaje a Pepe Valera, organizado por un grupo de b\u00e9ticos. El acto consisti\u00f3 en una cena, y al t\u00e9rmino de la misma fue Andr\u00e9s Aranda quien tom\u00f3 la palabra para ofrecer el homenaje, haciendo un elogio de la labor&#8230;<\/p>\n","protected":false},"author":5,"featured_media":90249,"comment_status":"open","ping_status":"open","sticky":false,"template":"","format":"standard","meta":{"_kad_post_transparent":"","_kad_post_title":"","_kad_post_layout":"","_kad_post_sidebar_id":"","_kad_post_content_style":"","_kad_post_vertical_padding":"","_kad_post_feature":"","_kad_post_feature_position":"","_kad_post_header":false,"_kad_post_footer":false,"_kad_post_classname":"","_jetpack_memberships_contains_paid_content":false,"footnotes":"","jetpack_publicize_message":"","jetpack_publicize_feature_enabled":true,"jetpack_social_post_already_shared":true,"jetpack_social_options":{"image_generator_settings":{"template":"highway","default_image_id":0,"font":"","enabled":false},"version":2}},"categories":[901,14583,1],"tags":[4664,2020],"class_list":["post-90248","post","type-post","status-publish","format-standard","has-post-thumbnail","hentry","category-1950-1959","category-efemerides","category-portada","tag-4664","tag-pepe-valera"],"jetpack_publicize_connections":[],"jetpack_featured_media_url":"https:\/\/i0.wp.com\/www.manquepierda.com\/historiarealbetis\/files\/2023\/07\/12-1952-Homenaje-a-Pepe-Valera.jpg?fit=730%2C554&ssl=1","jetpack_sharing_enabled":true,"jetpack_shortlink":"https:\/\/wp.me\/p1ij08-ntC","jetpack-related-posts":[],"_links":{"self":[{"href":"https:\/\/www.manquepierda.com\/historiarealbetis\/wp-json\/wp\/v2\/posts\/90248","targetHints":{"allow":["GET"]}}],"collection":[{"href":"https:\/\/www.manquepierda.com\/historiarealbetis\/wp-json\/wp\/v2\/posts"}],"about":[{"href":"https:\/\/www.manquepierda.com\/historiarealbetis\/wp-json\/wp\/v2\/types\/post"}],"author":[{"embeddable":true,"href":"https:\/\/www.manquepierda.com\/historiarealbetis\/wp-json\/wp\/v2\/users\/5"}],"replies":[{"embeddable":true,"href":"https:\/\/www.manquepierda.com\/historiarealbetis\/wp-json\/wp\/v2\/comments?post=90248"}],"version-history":[{"count":2,"href":"https:\/\/www.manquepierda.com\/historiarealbetis\/wp-json\/wp\/v2\/posts\/90248\/revisions"}],"predecessor-version":[{"id":90251,"href":"https:\/\/www.manquepierda.com\/historiarealbetis\/wp-json\/wp\/v2\/posts\/90248\/revisions\/90251"}],"wp:featuredmedia":[{"embeddable":true,"href":"https:\/\/www.manquepierda.com\/historiarealbetis\/wp-json\/wp\/v2\/media\/90249"}],"wp:attachment":[{"href":"https:\/\/www.manquepierda.com\/historiarealbetis\/wp-json\/wp\/v2\/media?parent=90248"}],"wp:term":[{"taxonomy":"category","embeddable":true,"href":"https:\/\/www.manquepierda.com\/historiarealbetis\/wp-json\/wp\/v2\/categories?post=90248"},{"taxonomy":"post_tag","embeddable":true,"href":"https:\/\/www.manquepierda.com\/historiarealbetis\/wp-json\/wp\/v2\/tags?post=90248"}],"curies":[{"name":"wp","href":"https:\/\/api.w.org\/{rel}","templated":true}]}}