{"id":90257,"date":"2023-08-14T12:00:00","date_gmt":"2023-08-14T10:00:00","guid":{"rendered":"https:\/\/www.manquepierda.com\/historiarealbetis\/?p=90257"},"modified":"2023-07-26T11:37:04","modified_gmt":"2023-07-26T09:37:04","slug":"hoy-hace-40-anos-nace-heiko-westermann","status":"publish","type":"post","link":"https:\/\/www.manquepierda.com\/historiarealbetis\/hoy-hace-40-anos-nace-heiko-westermann\/","title":{"rendered":"Hoy hace 40 a\u00f1os. Nace Heiko Westermann."},"content":{"rendered":"<div class=\"wp-block-image\">\n<figure class=\"aligncenter size-full\"><img data-recalc-dims=\"1\" loading=\"lazy\" decoding=\"async\" width=\"300\" height=\"384\" src=\"https:\/\/i0.wp.com\/www.manquepierda.com\/historiarealbetis\/files\/2023\/07\/14-1983-Nace-Heiko-Westermann.jpg?resize=300%2C384&#038;ssl=1\" alt=\"\" class=\"wp-image-90258\" srcset=\"https:\/\/i0.wp.com\/www.manquepierda.com\/historiarealbetis\/files\/2023\/07\/14-1983-Nace-Heiko-Westermann.jpg?w=300&amp;ssl=1 300w, https:\/\/i0.wp.com\/www.manquepierda.com\/historiarealbetis\/files\/2023\/07\/14-1983-Nace-Heiko-Westermann.jpg?resize=172%2C220&amp;ssl=1 172w\" sizes=\"auto, (max-width: 300px) 100vw, 300px\" \/><\/figure>\n<\/div>\n\n<p><\/p>\n<p><span style=\"color: #008000\">El 14 de agosto de 1983 nace en Alzenau (Alemania) Heiko Westermann, quien fuera jugador del Real Betis Balompi\u00e9 en la temporada 2015-16.<\/span><\/p>\n<p><span style=\"color: #008000\">Defensa central que lleg\u00f3 procedente del Hamburgo con 32 a\u00f1os y que disput\u00f3 20 partidos, marcando 1 gol, de Liga en su \u00fanica campa\u00f1a en verdiblanco.<\/span>&nbsp;<\/p>","protected":false},"excerpt":{"rendered":"<p>El 14 de agosto de 1983 nace en Alzenau (Alemania) Heiko Westermann, quien fuera jugador del Real Betis Balompi\u00e9 en la temporada 2015-16. Defensa central que lleg\u00f3 procedente del Hamburgo con 32 a\u00f1os y que disput\u00f3 20 partidos, marcando 1 gol, de Liga en su \u00fanica campa\u00f1a en verdiblanco.&nbsp;<\/p>\n","protected":false},"author":5,"featured_media":90258,"comment_status":"open","ping_status":"open","sticky":false,"template":"","format":"standard","meta":{"_kad_post_transparent":"","_kad_post_title":"","_kad_post_layout":"","_kad_post_sidebar_id":"","_kad_post_content_style":"","_kad_post_vertical_padding":"","_kad_post_feature":"","_kad_post_feature_position":"","_kad_post_header":false,"_kad_post_footer":false,"_kad_post_classname":"","_jetpack_memberships_contains_paid_content":false,"footnotes":"","jetpack_publicize_message":"","jetpack_publicize_feature_enabled":true,"jetpack_social_post_already_shared":true,"jetpack_social_options":{"image_generator_settings":{"template":"highway","default_image_id":0,"font":"","enabled":false},"version":2}},"categories":[904,14583,1],"tags":[17462],"class_list":["post-90257","post","type-post","status-publish","format-standard","has-post-thumbnail","hentry","category-1980-1989","category-efemerides","category-portada","tag-heiko-westermann"],"jetpack_publicize_connections":[],"jetpack_featured_media_url":"https:\/\/i0.wp.com\/www.manquepierda.com\/historiarealbetis\/files\/2023\/07\/14-1983-Nace-Heiko-Westermann.jpg?fit=300%2C384&ssl=1","jetpack_sharing_enabled":true,"jetpack_shortlink":"https:\/\/wp.me\/p1ij08-ntL","jetpack-related-posts":[],"_links":{"self":[{"href":"https:\/\/www.manquepierda.com\/historiarealbetis\/wp-json\/wp\/v2\/posts\/90257","targetHints":{"allow":["GET"]}}],"collection":[{"href":"https:\/\/www.manquepierda.com\/historiarealbetis\/wp-json\/wp\/v2\/posts"}],"about":[{"href":"https:\/\/www.manquepierda.com\/historiarealbetis\/wp-json\/wp\/v2\/types\/post"}],"author":[{"embeddable":true,"href":"https:\/\/www.manquepierda.com\/historiarealbetis\/wp-json\/wp\/v2\/users\/5"}],"replies":[{"embeddable":true,"href":"https:\/\/www.manquepierda.com\/historiarealbetis\/wp-json\/wp\/v2\/comments?post=90257"}],"version-history":[{"count":2,"href":"https:\/\/www.manquepierda.com\/historiarealbetis\/wp-json\/wp\/v2\/posts\/90257\/revisions"}],"predecessor-version":[{"id":90260,"href":"https:\/\/www.manquepierda.com\/historiarealbetis\/wp-json\/wp\/v2\/posts\/90257\/revisions\/90260"}],"wp:featuredmedia":[{"embeddable":true,"href":"https:\/\/www.manquepierda.com\/historiarealbetis\/wp-json\/wp\/v2\/media\/90258"}],"wp:attachment":[{"href":"https:\/\/www.manquepierda.com\/historiarealbetis\/wp-json\/wp\/v2\/media?parent=90257"}],"wp:term":[{"taxonomy":"category","embeddable":true,"href":"https:\/\/www.manquepierda.com\/historiarealbetis\/wp-json\/wp\/v2\/categories?post=90257"},{"taxonomy":"post_tag","embeddable":true,"href":"https:\/\/www.manquepierda.com\/historiarealbetis\/wp-json\/wp\/v2\/tags?post=90257"}],"curies":[{"name":"wp","href":"https:\/\/api.w.org\/{rel}","templated":true}]}}