{"id":9040,"date":"2011-02-21T06:28:40","date_gmt":"2011-02-21T06:28:40","guid":{"rendered":"http:\/\/www.manquepierda.com\/historiarealbetis\/?p=9040"},"modified":"2024-09-22T19:18:29","modified_gmt":"2024-09-22T17:18:29","slug":"entrevista-benito-villamarin-1960","status":"publish","type":"post","link":"https:\/\/www.manquepierda.com\/historiarealbetis\/entrevista-benito-villamarin-1960\/","title":{"rendered":"Entrevista Benito Villamar\u00edn 1960"},"content":{"rendered":"<p><a href=\"https:\/\/i0.wp.com\/www.manquepierda.com\/historiarealbetis\/files\/2011\/02\/Benito-Villamar%C3%ADn-1958.jpg?ssl=1\"><img data-recalc-dims=\"1\" loading=\"lazy\" decoding=\"async\" class=\"aligncenter size-full wp-image-9482\" src=\"https:\/\/i0.wp.com\/www.manquepierda.com\/historiarealbetis\/files\/2011\/02\/Benito-Villamar%C3%ADn-1958.jpg?resize=264%2C460&#038;ssl=1\" alt=\"\" width=\"264\" height=\"460\" srcset=\"https:\/\/i0.wp.com\/www.manquepierda.com\/historiarealbetis\/files\/2011\/02\/Benito-Villamar%C3%ADn-1958.jpg?w=264&amp;ssl=1 264w, https:\/\/i0.wp.com\/www.manquepierda.com\/historiarealbetis\/files\/2011\/02\/Benito-Villamar%C3%ADn-1958.jpg?resize=172%2C300&amp;ssl=1 172w\" sizes=\"auto, (max-width: 264px) 100vw, 264px\" \/><\/a><\/p>\n<p>En febrero de\u00a0 1960 Benito Villamar\u00edn puede estar orgulloso del camino recorrido, pues la m\u00e1xima aspiraci\u00f3n de la sociedad verdiblanca se consigui\u00f3 en 1958. A partir de ah\u00ed el equipo parece consolidado en la Primera divisi\u00f3n, y es hora de ir fijando nuevas metas para el horizonte b\u00e9tico.<\/p>\n<p>En esta entrevista que aparece en Marca el 23 de Febrero de 1960 se repasa la actualidad b\u00e9tica y se pone nombre a la principal aspiraci\u00f3n que tiene entonces el club b\u00e9tico:\u00a0 la compra de Heli\u00f3polis y su ampliaci\u00f3n.<\/p>\n<figure id=\"attachment_9484\" aria-describedby=\"caption-attachment-9484\" style=\"width: 669px\" class=\"wp-caption aligncenter\"><a href=\"https:\/\/i0.wp.com\/www.manquepierda.com\/historiarealbetis\/files\/2011\/02\/Entrevista-Benito-Villamar%C3%ADn-1960-1-NMP-Marca-23-2-1960.jpg?ssl=1\"><img data-recalc-dims=\"1\" loading=\"lazy\" decoding=\"async\" class=\"size-full wp-image-9484\" src=\"https:\/\/i0.wp.com\/www.manquepierda.com\/historiarealbetis\/files\/2011\/02\/Entrevista-Benito-Villamar%C3%ADn-1960-1-NMP-Marca-23-2-1960.jpg?resize=669%2C875&#038;ssl=1\" alt=\"\" width=\"669\" height=\"875\" srcset=\"https:\/\/i0.wp.com\/www.manquepierda.com\/historiarealbetis\/files\/2011\/02\/Entrevista-Benito-Villamar%C3%ADn-1960-1-NMP-Marca-23-2-1960.jpg?w=669&amp;ssl=1 669w, https:\/\/i0.wp.com\/www.manquepierda.com\/historiarealbetis\/files\/2011\/02\/Entrevista-Benito-Villamar%C3%ADn-1960-1-NMP-Marca-23-2-1960.jpg?resize=229%2C300&amp;ssl=1 229w\" sizes=\"auto, (max-width: 669px) 100vw, 669px\" \/><\/a><figcaption id=\"caption-attachment-9484\" class=\"wp-caption-text\">Fuente: Marca 23 de Febrero de 1960<\/figcaption><\/figure>\n<figure id=\"attachment_9483\" aria-describedby=\"caption-attachment-9483\" style=\"width: 677px\" class=\"wp-caption aligncenter\"><a href=\"https:\/\/i0.wp.com\/www.manquepierda.com\/historiarealbetis\/files\/2011\/02\/Entrev.-Benito-Villamar%C3%ADn-1960-2-NMP-23-2-1960.jpg?ssl=1\"><img data-recalc-dims=\"1\" loading=\"lazy\" decoding=\"async\" class=\"size-full wp-image-9483\" src=\"https:\/\/i0.wp.com\/www.manquepierda.com\/historiarealbetis\/files\/2011\/02\/Entrev.-Benito-Villamar%C3%ADn-1960-2-NMP-23-2-1960.jpg?resize=677%2C886&#038;ssl=1\" alt=\"\" width=\"677\" height=\"886\" srcset=\"https:\/\/i0.wp.com\/www.manquepierda.com\/historiarealbetis\/files\/2011\/02\/Entrev.-Benito-Villamar%C3%ADn-1960-2-NMP-23-2-1960.jpg?w=677&amp;ssl=1 677w, https:\/\/i0.wp.com\/www.manquepierda.com\/historiarealbetis\/files\/2011\/02\/Entrev.-Benito-Villamar%C3%ADn-1960-2-NMP-23-2-1960.jpg?resize=229%2C300&amp;ssl=1 229w\" sizes=\"auto, (max-width: 677px) 100vw, 677px\" \/><\/a><figcaption id=\"caption-attachment-9483\" class=\"wp-caption-text\">Fuente Marca 23 de Febrero de 1960<\/figcaption><\/figure>\n<p>Se reflejan tambi\u00e9n en la entrevista otras noticias que entonces estaban de plena actualidad en el entorno verdiblanco, como la posible contrataci\u00f3n para la temporada siguiente de Helenio Herrera como entrenador,\u00a0 o los traspasos del ariete argentino Alfredo Rojas \u00f3 Luis Del Sol.<\/p>\n<p>&nbsp;<\/p>\n<p>&nbsp;<\/p>\n","protected":false},"excerpt":{"rendered":"<p>En febrero de\u00a0 1960 Benito Villamar\u00edn puede estar orgulloso del camino recorrido, pues la m\u00e1xima aspiraci\u00f3n de la sociedad verdiblanca se consigui\u00f3 en 1958. A partir de ah\u00ed el equipo parece consolidado en la Primera divisi\u00f3n, y es hora de ir fijando nuevas metas para el horizonte b\u00e9tico. En esta entrevista que aparece en Marca&#8230;<\/p>\n","protected":false},"author":5,"featured_media":9482,"comment_status":"open","ping_status":"open","sticky":false,"template":"","format":"standard","meta":{"_kad_post_transparent":"","_kad_post_title":"","_kad_post_layout":"","_kad_post_sidebar_id":"","_kad_post_content_style":"","_kad_post_vertical_padding":"","_kad_post_feature":"","_kad_post_feature_position":"","_kad_post_header":false,"_kad_post_footer":false,"_kad_post_classname":"","_jetpack_memberships_contains_paid_content":false,"footnotes":"","jetpack_publicize_message":"","jetpack_publicize_feature_enabled":true,"jetpack_social_post_already_shared":false,"jetpack_social_options":{"image_generator_settings":{"template":"highway","default_image_id":0,"font":"","enabled":false},"version":2}},"categories":[902,891,1],"tags":[2377,1246,145],"class_list":["post-9040","post","type-post","status-publish","format-standard","has-post-thumbnail","hentry","category-1960-1969","category-directivos-temas","category-portada","tag-1959-60","tag-1246","tag-benito-villamarin"],"jetpack_publicize_connections":[],"jetpack_featured_media_url":"https:\/\/i0.wp.com\/www.manquepierda.com\/historiarealbetis\/files\/2011\/02\/Benito-Villamar%C3%ADn-1958.jpg?fit=264%2C460&ssl=1","jetpack_sharing_enabled":true,"jetpack_shortlink":"https:\/\/wp.me\/p1ij08-2lO","jetpack-related-posts":[],"_links":{"self":[{"href":"https:\/\/www.manquepierda.com\/historiarealbetis\/wp-json\/wp\/v2\/posts\/9040","targetHints":{"allow":["GET"]}}],"collection":[{"href":"https:\/\/www.manquepierda.com\/historiarealbetis\/wp-json\/wp\/v2\/posts"}],"about":[{"href":"https:\/\/www.manquepierda.com\/historiarealbetis\/wp-json\/wp\/v2\/types\/post"}],"author":[{"embeddable":true,"href":"https:\/\/www.manquepierda.com\/historiarealbetis\/wp-json\/wp\/v2\/users\/5"}],"replies":[{"embeddable":true,"href":"https:\/\/www.manquepierda.com\/historiarealbetis\/wp-json\/wp\/v2\/comments?post=9040"}],"version-history":[{"count":1,"href":"https:\/\/www.manquepierda.com\/historiarealbetis\/wp-json\/wp\/v2\/posts\/9040\/revisions"}],"predecessor-version":[{"id":99541,"href":"https:\/\/www.manquepierda.com\/historiarealbetis\/wp-json\/wp\/v2\/posts\/9040\/revisions\/99541"}],"wp:featuredmedia":[{"embeddable":true,"href":"https:\/\/www.manquepierda.com\/historiarealbetis\/wp-json\/wp\/v2\/media\/9482"}],"wp:attachment":[{"href":"https:\/\/www.manquepierda.com\/historiarealbetis\/wp-json\/wp\/v2\/media?parent=9040"}],"wp:term":[{"taxonomy":"category","embeddable":true,"href":"https:\/\/www.manquepierda.com\/historiarealbetis\/wp-json\/wp\/v2\/categories?post=9040"},{"taxonomy":"post_tag","embeddable":true,"href":"https:\/\/www.manquepierda.com\/historiarealbetis\/wp-json\/wp\/v2\/tags?post=9040"}],"curies":[{"name":"wp","href":"https:\/\/api.w.org\/{rel}","templated":true}]}}