{"id":90401,"date":"2023-08-16T10:01:00","date_gmt":"2023-08-16T08:01:00","guid":{"rendered":"https:\/\/www.manquepierda.com\/historiarealbetis\/?p=90401"},"modified":"2024-10-01T22:18:50","modified_gmt":"2024-10-01T20:18:50","slug":"album-de-cromos-temporada-2007-08","status":"publish","type":"post","link":"https:\/\/www.manquepierda.com\/historiarealbetis\/album-de-cromos-temporada-2007-08\/","title":{"rendered":"Album de cromos temporada 2007-08."},"content":{"rendered":"<div class=\"wp-block-image\">\n<figure class=\"aligncenter size-full\"><img data-recalc-dims=\"1\" loading=\"lazy\" decoding=\"async\" width=\"432\" height=\"606\" src=\"https:\/\/i0.wp.com\/www.manquepierda.com\/historiarealbetis\/files\/2023\/08\/Album-de-cromos-2007-08-Panini-1.jpg?resize=432%2C606&#038;ssl=1\" alt=\"\" class=\"wp-image-90402\" srcset=\"https:\/\/i0.wp.com\/www.manquepierda.com\/historiarealbetis\/files\/2023\/08\/Album-de-cromos-2007-08-Panini-1.jpg?w=432&amp;ssl=1 432w, https:\/\/i0.wp.com\/www.manquepierda.com\/historiarealbetis\/files\/2023\/08\/Album-de-cromos-2007-08-Panini-1.jpg?resize=428%2C600&amp;ssl=1 428w, https:\/\/i0.wp.com\/www.manquepierda.com\/historiarealbetis\/files\/2023\/08\/Album-de-cromos-2007-08-Panini-1.jpg?resize=157%2C220&amp;ssl=1 157w\" sizes=\"auto, (max-width: 432px) 100vw, 432px\" \/><\/figure>\n<\/div>\n\n<div class=\"wp-block-image\">\n<figure class=\"aligncenter size-large\"><img data-recalc-dims=\"1\" loading=\"lazy\" decoding=\"async\" width=\"479\" height=\"700\" src=\"https:\/\/i0.wp.com\/www.manquepierda.com\/historiarealbetis\/files\/2023\/08\/Album-de-cromos-2007-08-Panini-2.jpg?resize=479%2C700&#038;ssl=1\" alt=\"\" class=\"wp-image-90403\" srcset=\"https:\/\/i0.wp.com\/www.manquepierda.com\/historiarealbetis\/files\/2023\/08\/Album-de-cromos-2007-08-Panini-2.jpg?resize=479%2C700&amp;ssl=1 479w, https:\/\/i0.wp.com\/www.manquepierda.com\/historiarealbetis\/files\/2023\/08\/Album-de-cromos-2007-08-Panini-2.jpg?resize=411%2C600&amp;ssl=1 411w, https:\/\/i0.wp.com\/www.manquepierda.com\/historiarealbetis\/files\/2023\/08\/Album-de-cromos-2007-08-Panini-2.jpg?resize=151%2C220&amp;ssl=1 151w, https:\/\/i0.wp.com\/www.manquepierda.com\/historiarealbetis\/files\/2023\/08\/Album-de-cromos-2007-08-Panini-2.jpg?w=513&amp;ssl=1 513w\" sizes=\"auto, (max-width: 479px) 100vw, 479px\" \/><\/figure>\n<\/div>\n\n<p>Album de cromos de la temporada 2007-08 de la editorial Panini y con las siguientes unidades: el escudo del club, el entrenador H\u00e9ctor C\u00faper y los jugadores Ricardo Martins, Toni Doblas, Juan Guti\u00e9rrez \u00abJuanito\u00bb, David Rivas, Leandro Somoza, Jes\u00fas Capit\u00e1n \u00abCapi\u00bb, David Odonkor, Rafael Sobis, Branko Ilic, Juan Alberto Andreu \u00abMelli\u00bb, Fernando Vega, Arturo Garc\u00eda \u00abArzu\u00bb, Alberto Rivera, Fernando Fern\u00e1ndez, Mariano Pavone y Eduardo Schmidt \u00abEdu\u00bb.\u00a0<\/p>","protected":false},"excerpt":{"rendered":"<p>Album de cromos de la temporada 2007-08 de la editorial Panini y con las siguientes unidades: el escudo del club, el entrenador H\u00e9ctor C\u00faper y los jugadores Ricardo Martins, Toni Doblas, Juan Guti\u00e9rrez \u00abJuanito\u00bb, David Rivas, Leandro Somoza, Jes\u00fas Capit\u00e1n \u00abCapi\u00bb, David Odonkor, Rafael Sobis, Branko Ilic, Juan Alberto Andreu \u00abMelli\u00bb, Fernando Vega, Arturo Garc\u00eda&#8230;<\/p>\n","protected":false},"author":5,"featured_media":90402,"comment_status":"open","ping_status":"open","sticky":false,"template":"","format":"standard","meta":{"_kad_post_transparent":"","_kad_post_title":"","_kad_post_layout":"","_kad_post_sidebar_id":"","_kad_post_content_style":"","_kad_post_vertical_padding":"","_kad_post_feature":"","_kad_post_feature_position":"","_kad_post_header":false,"_kad_post_footer":false,"_kad_post_classname":"","_jetpack_memberships_contains_paid_content":false,"footnotes":"","jetpack_publicize_message":"","jetpack_publicize_feature_enabled":true,"jetpack_social_post_already_shared":true,"jetpack_social_options":{"image_generator_settings":{"template":"highway","default_image_id":0,"font":"","enabled":false},"version":2}},"categories":[4823,1],"tags":[8674,6620,3584,1341,16187,14772,281,1075,1364,11377,3289,3127,1481,1367,4005,7991,11701,16186,1038],"class_list":["post-90401","post","type-post","status-publish","format-standard","has-post-thumbnail","hentry","category-2000-2009","category-portada","tag-8674","tag-2007-08","tag-alberto-rivera","tag-arturo-garcia-arzu","tag-branko-ilic","tag-david-odonkor","tag-david-rivas","tag-eduardo-schmidt-edu","tag-fernando-fernandez","tag-fernando-vega","tag-hector-cuper","tag-jesus-capitan-capi","tag-juan-alberto-andreu-melli","tag-juan-gutierrez-juanito","tag-leandro-somoza","tag-mariano-pavone","tag-rafael-sobis","tag-ricardo-martins","tag-toni-doblas"],"jetpack_publicize_connections":[],"jetpack_featured_media_url":"https:\/\/i0.wp.com\/www.manquepierda.com\/historiarealbetis\/files\/2023\/08\/Album-de-cromos-2007-08-Panini-1.jpg?fit=432%2C606&ssl=1","jetpack_sharing_enabled":true,"jetpack_shortlink":"https:\/\/wp.me\/p1ij08-nw5","jetpack-related-posts":[],"_links":{"self":[{"href":"https:\/\/www.manquepierda.com\/historiarealbetis\/wp-json\/wp\/v2\/posts\/90401","targetHints":{"allow":["GET"]}}],"collection":[{"href":"https:\/\/www.manquepierda.com\/historiarealbetis\/wp-json\/wp\/v2\/posts"}],"about":[{"href":"https:\/\/www.manquepierda.com\/historiarealbetis\/wp-json\/wp\/v2\/types\/post"}],"author":[{"embeddable":true,"href":"https:\/\/www.manquepierda.com\/historiarealbetis\/wp-json\/wp\/v2\/users\/5"}],"replies":[{"embeddable":true,"href":"https:\/\/www.manquepierda.com\/historiarealbetis\/wp-json\/wp\/v2\/comments?post=90401"}],"version-history":[{"count":3,"href":"https:\/\/www.manquepierda.com\/historiarealbetis\/wp-json\/wp\/v2\/posts\/90401\/revisions"}],"predecessor-version":[{"id":99943,"href":"https:\/\/www.manquepierda.com\/historiarealbetis\/wp-json\/wp\/v2\/posts\/90401\/revisions\/99943"}],"wp:featuredmedia":[{"embeddable":true,"href":"https:\/\/www.manquepierda.com\/historiarealbetis\/wp-json\/wp\/v2\/media\/90402"}],"wp:attachment":[{"href":"https:\/\/www.manquepierda.com\/historiarealbetis\/wp-json\/wp\/v2\/media?parent=90401"}],"wp:term":[{"taxonomy":"category","embeddable":true,"href":"https:\/\/www.manquepierda.com\/historiarealbetis\/wp-json\/wp\/v2\/categories?post=90401"},{"taxonomy":"post_tag","embeddable":true,"href":"https:\/\/www.manquepierda.com\/historiarealbetis\/wp-json\/wp\/v2\/tags?post=90401"}],"curies":[{"name":"wp","href":"https:\/\/api.w.org\/{rel}","templated":true}]}}