{"id":90406,"date":"2023-08-18T10:22:00","date_gmt":"2023-08-18T08:22:00","guid":{"rendered":"https:\/\/www.manquepierda.com\/historiarealbetis\/?p=90406"},"modified":"2024-09-04T18:54:36","modified_gmt":"2024-09-04T16:54:36","slug":"betis-atletico-de-madrid-liga-1985","status":"publish","type":"post","link":"https:\/\/www.manquepierda.com\/historiarealbetis\/betis-atletico-de-madrid-liga-1985\/","title":{"rendered":"Betis-Atl\u00e9tico de Madrid Liga 1985."},"content":{"rendered":"<div class=\"wp-block-image\">\n<figure class=\"aligncenter size-full\"><img data-recalc-dims=\"1\" loading=\"lazy\" decoding=\"async\" width=\"671\" height=\"448\" src=\"https:\/\/i0.wp.com\/www.manquepierda.com\/historiarealbetis\/files\/2023\/08\/Betis-Atletico-Liga-1985-Penalti-de-Calderon-al-larguero-Diario-16-4-11-1985.jpg?resize=671%2C448&#038;ssl=1\" alt=\"\" class=\"wp-image-90407\" srcset=\"https:\/\/i0.wp.com\/www.manquepierda.com\/historiarealbetis\/files\/2023\/08\/Betis-Atletico-Liga-1985-Penalti-de-Calderon-al-larguero-Diario-16-4-11-1985.jpg?w=671&amp;ssl=1 671w, https:\/\/i0.wp.com\/www.manquepierda.com\/historiarealbetis\/files\/2023\/08\/Betis-Atletico-Liga-1985-Penalti-de-Calderon-al-larguero-Diario-16-4-11-1985.jpg?resize=220%2C147&amp;ssl=1 220w\" sizes=\"auto, (max-width: 671px) 100vw, 671px\" \/><\/figure>\n<\/div>\n\n<p><\/p>\n<p>3 de noviembre de 1985 en el Villamar\u00edn Betis 2 Atl\u00e9tico de Madrid 2; jornada 10 del Campeonato de Liga de Primera Divisi\u00f3n.<\/p>\n<p>En la imagen un lanzamiento de penalti de Gabriel Calder\u00f3n en el minuto 80, por un derribo a Gabino,&nbsp; que se estrell\u00f3 en el larguero de la porter\u00eda rojiblanca defendida por Mej\u00edas.<\/p>\n<p>A los 23 minutos Land\u00e1buru, en un lanzamiento directo de falta hizo el 0-1. En el 37 una cesi\u00f3n defectuosa de Tom\u00e1s hacia Mej\u00edas fue interceptada por Ito, quien de cabeza hizo el empate a 1. En el 62 un remate de Da Silva fue remachado por Cabrera adelantando de nuevo a los rojiblancos, y en el 85 un lanzamiento de falta directa de Calder\u00f3n, desde una posici\u00f3n esquinada, vali\u00f3 el definitivo empate a 2.&nbsp;&nbsp;<\/p>\n<p>Luis Carriega entrenaba al Betis y Luis Aragon\u00e9s al Atl\u00e9tico.&nbsp;<\/p>","protected":false},"excerpt":{"rendered":"<p>3 de noviembre de 1985 en el Villamar\u00edn Betis 2 Atl\u00e9tico de Madrid 2; jornada 10 del Campeonato de Liga de Primera Divisi\u00f3n. En la imagen un lanzamiento de penalti de Gabriel Calder\u00f3n en el minuto 80, por un derribo a Gabino,&nbsp; que se estrell\u00f3 en el larguero de la porter\u00eda rojiblanca defendida por Mej\u00edas&#8230;.<\/p>\n","protected":false},"author":5,"featured_media":90407,"comment_status":"open","ping_status":"open","sticky":false,"template":"","format":"standard","meta":{"_kad_post_transparent":"","_kad_post_title":"","_kad_post_layout":"","_kad_post_sidebar_id":"","_kad_post_content_style":"","_kad_post_vertical_padding":"","_kad_post_feature":"","_kad_post_feature_position":"","_kad_post_header":false,"_kad_post_footer":false,"_kad_post_classname":"","_jetpack_memberships_contains_paid_content":false,"footnotes":"","jetpack_publicize_message":"","jetpack_publicize_feature_enabled":true,"jetpack_social_post_already_shared":true,"jetpack_social_options":{"image_generator_settings":{"template":"highway","default_image_id":0,"font":"","enabled":false},"version":2}},"categories":[904,1],"tags":[1539,4272,13849,16733,17893],"class_list":["post-90406","post","type-post","status-publish","format-standard","has-post-thumbnail","hentry","category-1980-1989","category-portada","tag-1539","tag-1985-86","tag-club-atletico-de-madrid","tag-gabriel-humberto-calderon","tag-liga-primera-1985-86"],"jetpack_publicize_connections":[],"jetpack_featured_media_url":"https:\/\/i0.wp.com\/www.manquepierda.com\/historiarealbetis\/files\/2023\/08\/Betis-Atletico-Liga-1985-Penalti-de-Calderon-al-larguero-Diario-16-4-11-1985.jpg?fit=671%2C448&ssl=1","jetpack_sharing_enabled":true,"jetpack_shortlink":"https:\/\/wp.me\/p1ij08-nwa","jetpack-related-posts":[],"_links":{"self":[{"href":"https:\/\/www.manquepierda.com\/historiarealbetis\/wp-json\/wp\/v2\/posts\/90406","targetHints":{"allow":["GET"]}}],"collection":[{"href":"https:\/\/www.manquepierda.com\/historiarealbetis\/wp-json\/wp\/v2\/posts"}],"about":[{"href":"https:\/\/www.manquepierda.com\/historiarealbetis\/wp-json\/wp\/v2\/types\/post"}],"author":[{"embeddable":true,"href":"https:\/\/www.manquepierda.com\/historiarealbetis\/wp-json\/wp\/v2\/users\/5"}],"replies":[{"embeddable":true,"href":"https:\/\/www.manquepierda.com\/historiarealbetis\/wp-json\/wp\/v2\/comments?post=90406"}],"version-history":[{"count":2,"href":"https:\/\/www.manquepierda.com\/historiarealbetis\/wp-json\/wp\/v2\/posts\/90406\/revisions"}],"predecessor-version":[{"id":90409,"href":"https:\/\/www.manquepierda.com\/historiarealbetis\/wp-json\/wp\/v2\/posts\/90406\/revisions\/90409"}],"wp:featuredmedia":[{"embeddable":true,"href":"https:\/\/www.manquepierda.com\/historiarealbetis\/wp-json\/wp\/v2\/media\/90407"}],"wp:attachment":[{"href":"https:\/\/www.manquepierda.com\/historiarealbetis\/wp-json\/wp\/v2\/media?parent=90406"}],"wp:term":[{"taxonomy":"category","embeddable":true,"href":"https:\/\/www.manquepierda.com\/historiarealbetis\/wp-json\/wp\/v2\/categories?post=90406"},{"taxonomy":"post_tag","embeddable":true,"href":"https:\/\/www.manquepierda.com\/historiarealbetis\/wp-json\/wp\/v2\/tags?post=90406"}],"curies":[{"name":"wp","href":"https:\/\/api.w.org\/{rel}","templated":true}]}}