{"id":90497,"date":"2023-08-30T12:00:00","date_gmt":"2023-08-30T10:00:00","guid":{"rendered":"https:\/\/www.manquepierda.com\/historiarealbetis\/?p=90497"},"modified":"2025-07-20T15:10:37","modified_gmt":"2025-07-20T13:10:37","slug":"hoy-hace-50-anos-fichaje-de-juan-carlos-mameli","status":"publish","type":"post","link":"https:\/\/www.manquepierda.com\/historiarealbetis\/hoy-hace-50-anos-fichaje-de-juan-carlos-mameli\/","title":{"rendered":"Hoy hace 50 a\u00f1os. Fichaje de Juan Carlos Mameli."},"content":{"rendered":"<div class=\"wp-block-image\">\n<figure class=\"aligncenter size-full\"><img data-recalc-dims=\"1\" loading=\"lazy\" decoding=\"async\" width=\"721\" height=\"484\" src=\"https:\/\/i0.wp.com\/www.manquepierda.com\/historiarealbetis\/files\/2023\/08\/30-1973-Fichaje-de-Juan-Carlos-Mameli-1-1.jpg?resize=721%2C484&#038;ssl=1\" alt=\"\" class=\"wp-image-90606\" srcset=\"https:\/\/i0.wp.com\/www.manquepierda.com\/historiarealbetis\/files\/2023\/08\/30-1973-Fichaje-de-Juan-Carlos-Mameli-1-1.jpg?w=721&amp;ssl=1 721w, https:\/\/i0.wp.com\/www.manquepierda.com\/historiarealbetis\/files\/2023\/08\/30-1973-Fichaje-de-Juan-Carlos-Mameli-1-1.jpg?resize=680%2C456&amp;ssl=1 680w, https:\/\/i0.wp.com\/www.manquepierda.com\/historiarealbetis\/files\/2023\/08\/30-1973-Fichaje-de-Juan-Carlos-Mameli-1-1.jpg?resize=220%2C148&amp;ssl=1 220w\" sizes=\"auto, (max-width: 721px) 100vw, 721px\" \/><\/figure>\n<\/div>\n\n<p><\/p>\n<p><span style=\"font-family: Verdana, serif;color: #008000\"><span style=\"font-size: medium\">El 30 de agosto de 1973 ficha por el Real Betis Balompi\u00e9 el delantero argentino Juan Carlos Mameli, quien llega desde el Nacional de Montevideo uruguayo.<\/span><\/span><\/p>\n<p><span style=\"color: #008000\"><span style=\"font-family: Verdana, serif\"><span style=\"font-size: medium\">Mameli, de <\/span><\/span><span style=\"font-family: Verdana, serif\"><span style=\"font-size: medium\">27 <\/span><\/span><span style=\"font-family: Verdana, serif\"><span style=\"font-size: medium\">a\u00f1os, se convert\u00eda en el segundo futbolista extranjero del Real Betis Balompi\u00e9, tras Jorge Olmedo, en la temporada 1973-74 en la que se abrieron las fronteras futbol\u00edsticas del f\u00fatbol espa\u00f1ol.<\/span><\/span><\/span><\/p>\n<p><a name=\"_GoBack\"><\/a> <span style=\"font-family: Verdana, serif;color: #008000\"><span style=\"font-size: medium\">En sus 2 temporadas en el Betis disput\u00f3 48 partidos oficiales, marcando 15 goles.<\/span><\/span><\/p>","protected":false},"excerpt":{"rendered":"<p>El 30 de agosto de 1973 ficha por el Real Betis Balompi\u00e9 el delantero argentino Juan Carlos Mameli, quien llega desde el Nacional de Montevideo uruguayo. Mameli, de 27 a\u00f1os, se convert\u00eda en el segundo futbolista extranjero del Real Betis Balompi\u00e9, tras Jorge Olmedo, en la temporada 1973-74 en la que se abrieron las fronteras&#8230;<\/p>\n","protected":false},"author":5,"featured_media":90606,"comment_status":"open","ping_status":"open","sticky":false,"template":"","format":"standard","meta":{"_kad_post_transparent":"","_kad_post_title":"","_kad_post_layout":"","_kad_post_sidebar_id":"","_kad_post_content_style":"","_kad_post_vertical_padding":"","_kad_post_feature":"","_kad_post_feature_position":"","_kad_post_header":false,"_kad_post_footer":false,"_kad_post_classname":"","_jetpack_memberships_contains_paid_content":false,"footnotes":"","jetpack_publicize_message":"","jetpack_publicize_feature_enabled":true,"jetpack_social_post_already_shared":true,"jetpack_social_options":{"image_generator_settings":{"template":"highway","default_image_id":0,"font":"","enabled":false},"version":2}},"categories":[903,14583,1],"tags":[56,4843,12770],"class_list":["post-90497","post","type-post","status-publish","format-standard","has-post-thumbnail","hentry","category-1970-1979","category-efemerides","category-portada","tag-56","tag-club-nacional-de-football","tag-juan-carlos-mameli"],"jetpack_publicize_connections":[],"jetpack_featured_media_url":"https:\/\/i0.wp.com\/www.manquepierda.com\/historiarealbetis\/files\/2023\/08\/30-1973-Fichaje-de-Juan-Carlos-Mameli-1-1.jpg?fit=721%2C484&ssl=1","jetpack_sharing_enabled":true,"jetpack_shortlink":"https:\/\/wp.me\/p1ij08-nxD","jetpack-related-posts":[],"_links":{"self":[{"href":"https:\/\/www.manquepierda.com\/historiarealbetis\/wp-json\/wp\/v2\/posts\/90497","targetHints":{"allow":["GET"]}}],"collection":[{"href":"https:\/\/www.manquepierda.com\/historiarealbetis\/wp-json\/wp\/v2\/posts"}],"about":[{"href":"https:\/\/www.manquepierda.com\/historiarealbetis\/wp-json\/wp\/v2\/types\/post"}],"author":[{"embeddable":true,"href":"https:\/\/www.manquepierda.com\/historiarealbetis\/wp-json\/wp\/v2\/users\/5"}],"replies":[{"embeddable":true,"href":"https:\/\/www.manquepierda.com\/historiarealbetis\/wp-json\/wp\/v2\/comments?post=90497"}],"version-history":[{"count":3,"href":"https:\/\/www.manquepierda.com\/historiarealbetis\/wp-json\/wp\/v2\/posts\/90497\/revisions"}],"predecessor-version":[{"id":90607,"href":"https:\/\/www.manquepierda.com\/historiarealbetis\/wp-json\/wp\/v2\/posts\/90497\/revisions\/90607"}],"wp:featuredmedia":[{"embeddable":true,"href":"https:\/\/www.manquepierda.com\/historiarealbetis\/wp-json\/wp\/v2\/media\/90606"}],"wp:attachment":[{"href":"https:\/\/www.manquepierda.com\/historiarealbetis\/wp-json\/wp\/v2\/media?parent=90497"}],"wp:term":[{"taxonomy":"category","embeddable":true,"href":"https:\/\/www.manquepierda.com\/historiarealbetis\/wp-json\/wp\/v2\/categories?post=90497"},{"taxonomy":"post_tag","embeddable":true,"href":"https:\/\/www.manquepierda.com\/historiarealbetis\/wp-json\/wp\/v2\/tags?post=90497"}],"curies":[{"name":"wp","href":"https:\/\/api.w.org\/{rel}","templated":true}]}}