{"id":90598,"date":"2023-09-02T12:32:00","date_gmt":"2023-09-02T10:32:00","guid":{"rendered":"https:\/\/www.manquepierda.com\/historiarealbetis\/?p=90598"},"modified":"2024-10-05T11:50:59","modified_gmt":"2024-10-05T09:50:59","slug":"hoy-hace-35-anos-presentacion-de-hierro-rojo-y-caldere","status":"publish","type":"post","link":"https:\/\/www.manquepierda.com\/historiarealbetis\/hoy-hace-35-anos-presentacion-de-hierro-rojo-y-caldere\/","title":{"rendered":"Hoy hace 35 a\u00f1os. Presentaci\u00f3n de Hierro, Rojo y Calder\u00e9."},"content":{"rendered":"\n\n<div class=\"wp-block-image\">\n<figure class=\"aligncenter size-large is-resized\"><img data-recalc-dims=\"1\" loading=\"lazy\" decoding=\"async\" src=\"https:\/\/i0.wp.com\/www.manquepierda.com\/historiarealbetis\/files\/2023\/08\/2-1988-Presentacion-de-Caldere-Hierro-y-Rojo.jpg?resize=413%2C525&#038;ssl=1\" alt=\"\" class=\"wp-image-90599\" width=\"413\" height=\"525\" srcset=\"https:\/\/i0.wp.com\/www.manquepierda.com\/historiarealbetis\/files\/2023\/08\/2-1988-Presentacion-de-Caldere-Hierro-y-Rojo.jpg?resize=550%2C700&amp;ssl=1 550w, https:\/\/i0.wp.com\/www.manquepierda.com\/historiarealbetis\/files\/2023\/08\/2-1988-Presentacion-de-Caldere-Hierro-y-Rojo.jpg?resize=472%2C600&amp;ssl=1 472w, https:\/\/i0.wp.com\/www.manquepierda.com\/historiarealbetis\/files\/2023\/08\/2-1988-Presentacion-de-Caldere-Hierro-y-Rojo.jpg?resize=173%2C220&amp;ssl=1 173w, https:\/\/i0.wp.com\/www.manquepierda.com\/historiarealbetis\/files\/2023\/08\/2-1988-Presentacion-de-Caldere-Hierro-y-Rojo.jpg?resize=768%2C977&amp;ssl=1 768w, https:\/\/i0.wp.com\/www.manquepierda.com\/historiarealbetis\/files\/2023\/08\/2-1988-Presentacion-de-Caldere-Hierro-y-Rojo.jpg?w=1610&amp;ssl=1 1610w\" sizes=\"auto, (max-width: 413px) 100vw, 413px\" \/><\/figure>\n<\/div>\n\n<p>\u00a0<\/p>\n<p><a name=\"_GoBack\"><\/a><\/p>\n<p><span style=\"color: #008000\"><span style=\"font-family: Verdana, sans-serif\"><span style=\"font-size: medium\">El 2 de septiembre de 1988 en el estadio Benito Villamar\u00edn tiene lugar la presentaci\u00f3n de los jugadores Manolo Hierro, Juan Carlos Rojo y Ram\u00f3n Mar\u00eda Calder\u00e9, quienes llegan desde el FC Barcelona. <\/span><\/span><\/span><\/p>\n<p><span style=\"color: #008000\"><span style=\"font-family: Verdana, sans-serif\"><span style=\"font-size: medium\">La petici\u00f3n expresa del t\u00e9cnico Eusebio R\u00edos de refuerzos urgentes ante el inicio de la temporada fue atendida con la llegada de Calder\u00e9, centrocampista internacional de 29 a\u00f1os, Hierro, defensa de 26 a\u00f1os, y Rojo, centrocampista internacional de 29 a\u00f1os.<\/span><\/span><\/span><\/p>\n<p><span style=\"color: #008000\"><span style=\"font-family: Verdana, sans-serif\"><span style=\"font-size: medium\">De los 3 futbolista s\u00f3lo Calder\u00e9 tuvo un rendimiento aceptable, d\u00e1ndose el caso de que Rojo, aquejado de una importante lesi\u00f3n, ni siquiera lleg\u00f3 a debutar.\u00a0\u00a0<\/span><\/span><\/span><\/p>","protected":false},"excerpt":{"rendered":"<p>\u00a0 El 2 de septiembre de 1988 en el estadio Benito Villamar\u00edn tiene lugar la presentaci\u00f3n de los jugadores Manolo Hierro, Juan Carlos Rojo y Ram\u00f3n Mar\u00eda Calder\u00e9, quienes llegan desde el FC Barcelona. La petici\u00f3n expresa del t\u00e9cnico Eusebio R\u00edos de refuerzos urgentes ante el inicio de la temporada fue atendida con la llegada&#8230;<\/p>\n","protected":false},"author":5,"featured_media":90599,"comment_status":"open","ping_status":"open","sticky":false,"template":"","format":"standard","meta":{"_kad_post_transparent":"","_kad_post_title":"","_kad_post_layout":"","_kad_post_sidebar_id":"","_kad_post_content_style":"","_kad_post_vertical_padding":"","_kad_post_feature":"","_kad_post_feature_position":"","_kad_post_header":false,"_kad_post_footer":false,"_kad_post_classname":"","_jetpack_memberships_contains_paid_content":false,"footnotes":"","jetpack_publicize_message":"","jetpack_publicize_feature_enabled":true,"jetpack_social_post_already_shared":true,"jetpack_social_options":{"image_generator_settings":{"template":"highway","default_image_id":0,"font":"","enabled":false},"version":2}},"categories":[904,14583,1],"tags":[6399,1449,1478,1442],"class_list":["post-90598","post","type-post","status-publish","format-standard","has-post-thumbnail","hentry","category-1980-1989","category-efemerides","category-portada","tag-6399","tag-juan-carlos-rojo","tag-manuel-hierro","tag-ramon-maria-caldere"],"jetpack_publicize_connections":[],"jetpack_featured_media_url":"https:\/\/i0.wp.com\/www.manquepierda.com\/historiarealbetis\/files\/2023\/08\/2-1988-Presentacion-de-Caldere-Hierro-y-Rojo.jpg?fit=1610%2C2048&ssl=1","jetpack_sharing_enabled":true,"jetpack_shortlink":"https:\/\/wp.me\/p1ij08-nzg","jetpack-related-posts":[],"_links":{"self":[{"href":"https:\/\/www.manquepierda.com\/historiarealbetis\/wp-json\/wp\/v2\/posts\/90598","targetHints":{"allow":["GET"]}}],"collection":[{"href":"https:\/\/www.manquepierda.com\/historiarealbetis\/wp-json\/wp\/v2\/posts"}],"about":[{"href":"https:\/\/www.manquepierda.com\/historiarealbetis\/wp-json\/wp\/v2\/types\/post"}],"author":[{"embeddable":true,"href":"https:\/\/www.manquepierda.com\/historiarealbetis\/wp-json\/wp\/v2\/users\/5"}],"replies":[{"embeddable":true,"href":"https:\/\/www.manquepierda.com\/historiarealbetis\/wp-json\/wp\/v2\/comments?post=90598"}],"version-history":[{"count":6,"href":"https:\/\/www.manquepierda.com\/historiarealbetis\/wp-json\/wp\/v2\/posts\/90598\/revisions"}],"predecessor-version":[{"id":90668,"href":"https:\/\/www.manquepierda.com\/historiarealbetis\/wp-json\/wp\/v2\/posts\/90598\/revisions\/90668"}],"wp:featuredmedia":[{"embeddable":true,"href":"https:\/\/www.manquepierda.com\/historiarealbetis\/wp-json\/wp\/v2\/media\/90599"}],"wp:attachment":[{"href":"https:\/\/www.manquepierda.com\/historiarealbetis\/wp-json\/wp\/v2\/media?parent=90598"}],"wp:term":[{"taxonomy":"category","embeddable":true,"href":"https:\/\/www.manquepierda.com\/historiarealbetis\/wp-json\/wp\/v2\/categories?post=90598"},{"taxonomy":"post_tag","embeddable":true,"href":"https:\/\/www.manquepierda.com\/historiarealbetis\/wp-json\/wp\/v2\/tags?post=90598"}],"curies":[{"name":"wp","href":"https:\/\/api.w.org\/{rel}","templated":true}]}}