{"id":90747,"date":"2023-09-15T12:00:00","date_gmt":"2023-09-15T10:00:00","guid":{"rendered":"https:\/\/www.manquepierda.com\/historiarealbetis\/?p=90747"},"modified":"2025-08-20T16:46:24","modified_gmt":"2025-08-20T14:46:24","slug":"hoy-hace-10-anos-betis-3-valencia-1","status":"publish","type":"post","link":"https:\/\/www.manquepierda.com\/historiarealbetis\/hoy-hace-10-anos-betis-3-valencia-1\/","title":{"rendered":"Hoy hace 10 a\u00f1os. Betis 3 Valencia 1."},"content":{"rendered":"<div class=\"wp-block-image\">\n<figure class=\"aligncenter size-full\"><img data-recalc-dims=\"1\" loading=\"lazy\" decoding=\"async\" width=\"603\" height=\"603\" src=\"https:\/\/i0.wp.com\/www.manquepierda.com\/historiarealbetis\/files\/2023\/09\/15-2013-Betis-3-Valencia-1.jpg?resize=603%2C603&#038;ssl=1\" alt=\"\" class=\"wp-image-90748\" srcset=\"https:\/\/i0.wp.com\/www.manquepierda.com\/historiarealbetis\/files\/2023\/09\/15-2013-Betis-3-Valencia-1.jpg?w=603&amp;ssl=1 603w, https:\/\/i0.wp.com\/www.manquepierda.com\/historiarealbetis\/files\/2023\/09\/15-2013-Betis-3-Valencia-1.jpg?resize=600%2C600&amp;ssl=1 600w, https:\/\/i0.wp.com\/www.manquepierda.com\/historiarealbetis\/files\/2023\/09\/15-2013-Betis-3-Valencia-1.jpg?resize=220%2C220&amp;ssl=1 220w, https:\/\/i0.wp.com\/www.manquepierda.com\/historiarealbetis\/files\/2023\/09\/15-2013-Betis-3-Valencia-1.jpg?resize=150%2C150&amp;ssl=1 150w\" sizes=\"auto, (max-width: 603px) 100vw, 603px\" \/><\/figure>\n<\/div>\n\n<p><span style=\"color: #008000\">El 15 de septiembre de 2013 en el Benito Villamar\u00edn el Betis gana 3-1 al Valencia en partido de la jornada 4 del Campeonato de Liga de Primera Divisi\u00f3n.<\/span><\/p>\n<p><span style=\"color: #008000\">A los 9 minutos Jorge Molina inaugur\u00f3 el marcador con un fuerte disparo desde el borde del \u00e1rea. Salva Sevilla en los minutos 22 y 34 volvi\u00f3 a marcar, tras dos grandes jugadas de Vadillo y Juanfran. El Valencia acort\u00f3 distancias en el minuto 67 con un tanto de Ricardo Costa de cabeza.<\/span><\/p>\n<p><span style=\"color: #008000\">El Betis, dirigido por Pepe Mel, form\u00f3 con Sara; Chica, Amaya, Paulao, Nacho; Torres, Matilla, Salva Sevilla (83, Nosa); Juanfran (74, Reyes), Jorge Molina y Vadillo (62, Cedrick).<\/span><\/p>\n<p><span style=\"color: #008000\">El Valencia, entrenado por Miroslav Djukic, jug\u00f3 con Diego Alves; Pereira, Ricardo Costa, Mathieu, Bernat; Oriol, Parejo (65, Feghouli), Pab\u00f3n, Banega; Jonas (74, Canales) y Postiga.<\/span><\/p>\n<p><span style=\"color: #008000\">En este encuentro debut\u00f3 en competici\u00f3n oficial con el Betis Lorenzo Reyes.\u00a0<\/span><\/p>","protected":false},"excerpt":{"rendered":"<p>El 15 de septiembre de 2013 en el Benito Villamar\u00edn el Betis gana 3-1 al Valencia en partido de la jornada 4 del Campeonato de Liga de Primera Divisi\u00f3n. A los 9 minutos Jorge Molina inaugur\u00f3 el marcador con un fuerte disparo desde el borde del \u00e1rea. Salva Sevilla en los minutos 22 y 34&#8230;<\/p>\n","protected":false},"author":5,"featured_media":90748,"comment_status":"open","ping_status":"open","sticky":false,"template":"","format":"standard","meta":{"_kad_post_transparent":"","_kad_post_title":"","_kad_post_layout":"","_kad_post_sidebar_id":"","_kad_post_content_style":"","_kad_post_vertical_padding":"","_kad_post_feature":"","_kad_post_feature_position":"","_kad_post_header":false,"_kad_post_footer":false,"_kad_post_classname":"","_jetpack_memberships_contains_paid_content":false,"footnotes":"","jetpack_publicize_message":"","jetpack_publicize_feature_enabled":true,"jetpack_social_post_already_shared":true,"jetpack_social_options":{"image_generator_settings":{"template":"highway","default_image_id":0,"font":"","enabled":false},"version":2}},"categories":[15447,14583,1],"tags":[16967,17880,16755,2285],"class_list":["post-90747","post","type-post","status-publish","format-standard","has-post-thumbnail","hentry","category-2010-2019","category-efemerides","category-portada","tag-16967","tag-liga-primera-2013-14","tag-lolo-reyes","tag-valencia-cf"],"jetpack_publicize_connections":[],"jetpack_featured_media_url":"https:\/\/i0.wp.com\/www.manquepierda.com\/historiarealbetis\/files\/2023\/09\/15-2013-Betis-3-Valencia-1.jpg?fit=603%2C603&ssl=1","jetpack_sharing_enabled":true,"jetpack_shortlink":"https:\/\/wp.me\/p1ij08-nBF","jetpack-related-posts":[],"_links":{"self":[{"href":"https:\/\/www.manquepierda.com\/historiarealbetis\/wp-json\/wp\/v2\/posts\/90747","targetHints":{"allow":["GET"]}}],"collection":[{"href":"https:\/\/www.manquepierda.com\/historiarealbetis\/wp-json\/wp\/v2\/posts"}],"about":[{"href":"https:\/\/www.manquepierda.com\/historiarealbetis\/wp-json\/wp\/v2\/types\/post"}],"author":[{"embeddable":true,"href":"https:\/\/www.manquepierda.com\/historiarealbetis\/wp-json\/wp\/v2\/users\/5"}],"replies":[{"embeddable":true,"href":"https:\/\/www.manquepierda.com\/historiarealbetis\/wp-json\/wp\/v2\/comments?post=90747"}],"version-history":[{"count":4,"href":"https:\/\/www.manquepierda.com\/historiarealbetis\/wp-json\/wp\/v2\/posts\/90747\/revisions"}],"predecessor-version":[{"id":104533,"href":"https:\/\/www.manquepierda.com\/historiarealbetis\/wp-json\/wp\/v2\/posts\/90747\/revisions\/104533"}],"wp:featuredmedia":[{"embeddable":true,"href":"https:\/\/www.manquepierda.com\/historiarealbetis\/wp-json\/wp\/v2\/media\/90748"}],"wp:attachment":[{"href":"https:\/\/www.manquepierda.com\/historiarealbetis\/wp-json\/wp\/v2\/media?parent=90747"}],"wp:term":[{"taxonomy":"category","embeddable":true,"href":"https:\/\/www.manquepierda.com\/historiarealbetis\/wp-json\/wp\/v2\/categories?post=90747"},{"taxonomy":"post_tag","embeddable":true,"href":"https:\/\/www.manquepierda.com\/historiarealbetis\/wp-json\/wp\/v2\/tags?post=90747"}],"curies":[{"name":"wp","href":"https:\/\/api.w.org\/{rel}","templated":true}]}}