{"id":90788,"date":"2023-09-13T10:41:00","date_gmt":"2023-09-13T08:41:00","guid":{"rendered":"https:\/\/www.manquepierda.com\/historiarealbetis\/?p=90788"},"modified":"2023-09-10T11:06:40","modified_gmt":"2023-09-10T09:06:40","slug":"casto-espinosa","status":"publish","type":"post","link":"https:\/\/www.manquepierda.com\/historiarealbetis\/casto-espinosa\/","title":{"rendered":"Casto Espinosa."},"content":{"rendered":"<div class=\"wp-block-image\">\n<figure class=\"aligncenter size-full\"><img data-recalc-dims=\"1\" loading=\"lazy\" decoding=\"async\" width=\"420\" height=\"480\" src=\"https:\/\/i0.wp.com\/www.manquepierda.com\/historiarealbetis\/files\/2023\/09\/Casto-2.jpg?resize=420%2C480&#038;ssl=1\" alt=\"\" class=\"wp-image-90789\" srcset=\"https:\/\/i0.wp.com\/www.manquepierda.com\/historiarealbetis\/files\/2023\/09\/Casto-2.jpg?w=420&amp;ssl=1 420w, https:\/\/i0.wp.com\/www.manquepierda.com\/historiarealbetis\/files\/2023\/09\/Casto-2.jpg?resize=193%2C220&amp;ssl=1 193w\" sizes=\"auto, (max-width: 420px) 100vw, 420px\" \/><\/figure>\n<\/div>\n\n<p><\/p>\n<p><strong>Casto Espinosa Barriga<\/strong>, nacido el 18 de junio de 1982 en Pueblonuevo del Guadiana (Badajoz).<\/p>\n<p>Portero.<\/p>\n<p>Tras comenzar a jugar en el equipo de su localidad natal ingres\u00f3 en la UD M\u00e9rida, pasando despu\u00e9s por el Logro\u00f1\u00e9s y Albacete.<\/p>\n<p>En 2006 fue contratado por el Betis, haciendo su debut en partido amistoso el 20 de julio de 2006 en un Chiclana-Betis de la pretemporada. Esa temporada jug\u00f3 en el filial, y en la segunda tambi\u00e9n empez\u00f3 jugando en el Betis B, aunque el 12 de diciembre de 2007 hizo su debut oficial con el primer equipo en el Mart\u00ednez Valero en un partido contra el Elche en la ida de los dieciseisavos de final de la Copa. A los 4 d\u00edas fue el titular en Liga contra la UD Almer\u00eda y ya permaneci\u00f3 en el primer equipo, renovando a final de temporada y manteni\u00e9ndose en la primera plantilla hasta 2013.&nbsp;<\/p>\n<p>Tras dejar ese a\u00f1o el Betis su carrera se prolong\u00f3 durante 9 temporadas m\u00e1s, llegando a jugar hasta los 40 a\u00f1os.<\/p>\n<p>Historial<\/p>\n<table width=\"240\">\n<tbody>\n<tr>\n<td width=\"80\">1999-00<\/td>\n<td width=\"80\">M\u00e9rida<\/td>\n<td width=\"80\">Segunda<\/td>\n<\/tr>\n<tr>\n<td>2000-01<\/td>\n<td>M\u00e9rida<\/td>\n<td>Tercera<\/td>\n<\/tr>\n<tr>\n<td width=\"80\">2001-02<\/td>\n<td>M\u00e9rida<\/td>\n<td>Segunda B<\/td>\n<\/tr>\n<tr>\n<td width=\"80\">2002-03<\/td>\n<td>M\u00e9rida<\/td>\n<td>Segunda B<\/td>\n<\/tr>\n<tr>\n<td width=\"80\">2003-04<\/td>\n<td>Logro\u00f1\u00e9s<\/td>\n<td>Segunda B<\/td>\n<\/tr>\n<tr>\n<td>2004-05<\/td>\n<td>Albacete B<\/td>\n<td>Tercera<\/td>\n<\/tr>\n<tr>\n<td>2005-06<\/td>\n<td>Albacete B<\/td>\n<td>Tercera<\/td>\n<\/tr>\n<tr>\n<td>2005-06<\/td>\n<td>Albacete<\/td>\n<td>Segunda<\/td>\n<\/tr>\n<tr>\n<td>2006-07<\/td>\n<td>Betis B<\/td>\n<td>Tercera<\/td>\n<\/tr>\n<tr>\n<td width=\"80\">2007-08<\/td>\n<td>Betis B<\/td>\n<td>Segunda B<\/td>\n<\/tr>\n<tr>\n<td>2007-08<\/td>\n<td>Betis&nbsp;&nbsp;<\/td>\n<td>Primera<\/td>\n<\/tr>\n<tr>\n<td>2008-09<\/td>\n<td>Betis&nbsp;&nbsp;<\/td>\n<td>Primera<\/td>\n<\/tr>\n<tr>\n<td>2009-10<\/td>\n<td>Betis<\/td>\n<td>Segunda<\/td>\n<\/tr>\n<tr>\n<td>2010-11<\/td>\n<td>Betis<\/td>\n<td>Segunda<\/td>\n<\/tr>\n<tr>\n<td>2011-12<\/td>\n<td>Betis<\/td>\n<td>Primera<\/td>\n<\/tr>\n<tr>\n<td>2012-13<\/td>\n<td>Betis<\/td>\n<td>Primera<\/td>\n<\/tr>\n<tr>\n<td>2013-14<\/td>\n<td>Murcia<\/td>\n<td>Segunda<\/td>\n<\/tr>\n<tr>\n<td>2014-15<\/td>\n<td>Las Palmas<\/td>\n<td>Segunda<\/td>\n<\/tr>\n<tr>\n<td>2015-16<\/td>\n<td>Almer\u00eda<\/td>\n<td>Segunda<\/td>\n<\/tr>\n<tr>\n<td>2016-17<\/td>\n<td>Almer\u00eda<\/td>\n<td>Segunda<\/td>\n<\/tr>\n<tr>\n<td>2017-18<\/td>\n<td>Alcorc\u00f3n<\/td>\n<td>Segunda<\/td>\n<\/tr>\n<tr>\n<td>2018-19<\/td>\n<td>Extremadura<\/td>\n<td>Segunda<\/td>\n<\/tr>\n<tr>\n<td>2019-20<\/td>\n<td>Extremadura<\/td>\n<td>Segunda<\/td>\n<\/tr>\n<tr>\n<td width=\"80\">2020-21<\/td>\n<td>Extremadura<\/td>\n<td>Segunda B<\/td>\n<\/tr>\n<tr>\n<td>2021-22<\/td>\n<td>Extremadura<\/td>\n<td>1\u00aa RFEF<\/td>\n<\/tr>\n<\/tbody>\n<\/table>\n\n\n<p>En sus 6 temporadas en el Betis Casto jug\u00f3 71 partidos de Liga, 17 de Copa y 33 amistosos.  <\/p>\n","protected":false},"excerpt":{"rendered":"<p>Casto Espinosa Barriga, nacido el 18 de junio de 1982 en Pueblonuevo del Guadiana (Badajoz). Portero. Tras comenzar a jugar en el equipo de su localidad natal ingres\u00f3 en la UD M\u00e9rida, pasando despu\u00e9s por el Logro\u00f1\u00e9s y Albacete. En 2006 fue contratado por el Betis, haciendo su debut en partido amistoso el 20 de&#8230;<\/p>\n","protected":false},"author":5,"featured_media":90789,"comment_status":"open","ping_status":"open","sticky":false,"template":"","format":"standard","meta":{"_kad_post_transparent":"","_kad_post_title":"","_kad_post_layout":"","_kad_post_sidebar_id":"","_kad_post_content_style":"","_kad_post_vertical_padding":"","_kad_post_feature":"","_kad_post_feature_position":"","_kad_post_header":false,"_kad_post_footer":false,"_kad_post_classname":"","_jetpack_memberships_contains_paid_content":false,"footnotes":"","jetpack_publicize_message":"","jetpack_publicize_feature_enabled":true,"jetpack_social_post_already_shared":true,"jetpack_social_options":{"image_generator_settings":{"template":"highway","default_image_id":0,"font":"","enabled":false},"version":2}},"categories":[893,1],"tags":[10995],"class_list":["post-90788","post","type-post","status-publish","format-standard","has-post-thumbnail","hentry","category-jugadores-temas","category-portada","tag-casto-espinosa"],"jetpack_publicize_connections":[],"jetpack_featured_media_url":"https:\/\/i0.wp.com\/www.manquepierda.com\/historiarealbetis\/files\/2023\/09\/Casto-2.jpg?fit=420%2C480&ssl=1","jetpack_sharing_enabled":true,"jetpack_shortlink":"https:\/\/wp.me\/p1ij08-nCk","jetpack-related-posts":[],"_links":{"self":[{"href":"https:\/\/www.manquepierda.com\/historiarealbetis\/wp-json\/wp\/v2\/posts\/90788","targetHints":{"allow":["GET"]}}],"collection":[{"href":"https:\/\/www.manquepierda.com\/historiarealbetis\/wp-json\/wp\/v2\/posts"}],"about":[{"href":"https:\/\/www.manquepierda.com\/historiarealbetis\/wp-json\/wp\/v2\/types\/post"}],"author":[{"embeddable":true,"href":"https:\/\/www.manquepierda.com\/historiarealbetis\/wp-json\/wp\/v2\/users\/5"}],"replies":[{"embeddable":true,"href":"https:\/\/www.manquepierda.com\/historiarealbetis\/wp-json\/wp\/v2\/comments?post=90788"}],"version-history":[{"count":3,"href":"https:\/\/www.manquepierda.com\/historiarealbetis\/wp-json\/wp\/v2\/posts\/90788\/revisions"}],"predecessor-version":[{"id":90792,"href":"https:\/\/www.manquepierda.com\/historiarealbetis\/wp-json\/wp\/v2\/posts\/90788\/revisions\/90792"}],"wp:featuredmedia":[{"embeddable":true,"href":"https:\/\/www.manquepierda.com\/historiarealbetis\/wp-json\/wp\/v2\/media\/90789"}],"wp:attachment":[{"href":"https:\/\/www.manquepierda.com\/historiarealbetis\/wp-json\/wp\/v2\/media?parent=90788"}],"wp:term":[{"taxonomy":"category","embeddable":true,"href":"https:\/\/www.manquepierda.com\/historiarealbetis\/wp-json\/wp\/v2\/categories?post=90788"},{"taxonomy":"post_tag","embeddable":true,"href":"https:\/\/www.manquepierda.com\/historiarealbetis\/wp-json\/wp\/v2\/tags?post=90788"}],"curies":[{"name":"wp","href":"https:\/\/api.w.org\/{rel}","templated":true}]}}