{"id":90924,"date":"2023-09-28T12:00:00","date_gmt":"2023-09-28T10:00:00","guid":{"rendered":"https:\/\/www.manquepierda.com\/historiarealbetis\/?p=90924"},"modified":"2025-08-19T18:26:38","modified_gmt":"2025-08-19T16:26:38","slug":"hoy-hace-65-anos-betis-4-athletic-0","status":"publish","type":"post","link":"https:\/\/www.manquepierda.com\/historiarealbetis\/hoy-hace-65-anos-betis-4-athletic-0\/","title":{"rendered":"Hoy hace 65 a\u00f1os. Betis 4 Athletic 0."},"content":{"rendered":"<div class=\"wp-block-image\">\n<figure class=\"aligncenter size-large\"><img data-recalc-dims=\"1\" loading=\"lazy\" decoding=\"async\" width=\"960\" height=\"547\" src=\"https:\/\/i0.wp.com\/www.manquepierda.com\/historiarealbetis\/files\/2023\/09\/28-1958-Betis-4-Athletic-0.jpg?resize=960%2C547&#038;ssl=1\" alt=\"\" class=\"wp-image-90925\" srcset=\"https:\/\/i0.wp.com\/www.manquepierda.com\/historiarealbetis\/files\/2023\/09\/28-1958-Betis-4-Athletic-0.jpg?resize=960%2C547&amp;ssl=1 960w, https:\/\/i0.wp.com\/www.manquepierda.com\/historiarealbetis\/files\/2023\/09\/28-1958-Betis-4-Athletic-0.jpg?resize=680%2C387&amp;ssl=1 680w, https:\/\/i0.wp.com\/www.manquepierda.com\/historiarealbetis\/files\/2023\/09\/28-1958-Betis-4-Athletic-0.jpg?resize=220%2C125&amp;ssl=1 220w, https:\/\/i0.wp.com\/www.manquepierda.com\/historiarealbetis\/files\/2023\/09\/28-1958-Betis-4-Athletic-0.jpg?resize=768%2C438&amp;ssl=1 768w, https:\/\/i0.wp.com\/www.manquepierda.com\/historiarealbetis\/files\/2023\/09\/28-1958-Betis-4-Athletic-0.jpg?w=1248&amp;ssl=1 1248w\" sizes=\"auto, (max-width: 960px) 100vw, 960px\" \/><\/figure>\n<\/div>\n\n<p><span style=\"color: #008000\">El 28 de septiembre de 1958 en el Villamar\u00edn el Betis derrota por 4-0 al Athletic de Bilbao en partido de la jornada 3 del Campeonato de Liga de Primera Divisi\u00f3n.<\/span><\/p>\n<p><span style=\"color: #008000\">En el minuto 3 se produce un centro de Kuszman sobre Moreira que \u00e9ste deja pasar para que Casta\u00f1o remate inapelablemente a la red bilba\u00edna. A los 8 minutos un chut raso de Kuszman es convertido en gol por Areta en el segundo palo. En el 25 un pase de Kuszman lo remata Casta\u00f1o con un disparo ajustado al poste y en el 44 una internada de Isidro la desv\u00eda Moreira batiendo a Carmelo.<\/span><\/p>\n<p><span style=\"color: #008000\">El Betis, dirigido por Antonio Barrios, aline\u00f3 a Otero; Valderas, R\u00edos, Paqui; Isidro, Areta; Casta\u00f1o, Azpeitia, Kuszman, Moreira y Del Sol.<\/span><\/p>\n<p><span style=\"color: #008000\">El Athletic, entrenado por Martim Francisco, form\u00f3 con Carmelo; Or\u00fae, Sertucha, Renter\u00eda; Mauri, Etura; Arteche, Aguirre, Arieta, Uribe y Ga\u00ednza. \u00a0<\/span><\/p>\n<p><span style=\"color: #008000\">En este partido debuta con el Betis en competici\u00f3n oficial Wilson Moreira.\u00a0<\/span><\/p>","protected":false},"excerpt":{"rendered":"<p>El 28 de septiembre de 1958 en el Villamar\u00edn el Betis derrota por 4-0 al Athletic de Bilbao en partido de la jornada 3 del Campeonato de Liga de Primera Divisi\u00f3n. En el minuto 3 se produce un centro de Kuszman sobre Moreira que \u00e9ste deja pasar para que Casta\u00f1o remate inapelablemente a la red&#8230;<\/p>\n","protected":false},"author":5,"featured_media":90925,"comment_status":"open","ping_status":"open","sticky":false,"template":"","format":"standard","meta":{"_kad_post_transparent":"","_kad_post_title":"","_kad_post_layout":"","_kad_post_sidebar_id":"","_kad_post_content_style":"","_kad_post_vertical_padding":"","_kad_post_feature":"","_kad_post_feature_position":"","_kad_post_header":false,"_kad_post_footer":false,"_kad_post_classname":"","_jetpack_memberships_contains_paid_content":false,"footnotes":"","jetpack_publicize_message":"","jetpack_publicize_feature_enabled":true,"jetpack_social_post_already_shared":true,"jetpack_social_options":{"image_generator_settings":{"template":"highway","default_image_id":0,"font":"","enabled":false},"version":2}},"categories":[901,14583,1],"tags":[1237,124,17789,1600],"class_list":["post-90924","post","type-post","status-publish","format-standard","has-post-thumbnail","hentry","category-1950-1959","category-efemerides","category-portada","tag-1237","tag-athletic-club","tag-liga-primera-1958-59","tag-wilson-moreira"],"jetpack_publicize_connections":[],"jetpack_featured_media_url":"https:\/\/i0.wp.com\/www.manquepierda.com\/historiarealbetis\/files\/2023\/09\/28-1958-Betis-4-Athletic-0.jpg?fit=1248%2C711&ssl=1","jetpack_sharing_enabled":true,"jetpack_shortlink":"https:\/\/wp.me\/p1ij08-nEw","jetpack-related-posts":[],"_links":{"self":[{"href":"https:\/\/www.manquepierda.com\/historiarealbetis\/wp-json\/wp\/v2\/posts\/90924","targetHints":{"allow":["GET"]}}],"collection":[{"href":"https:\/\/www.manquepierda.com\/historiarealbetis\/wp-json\/wp\/v2\/posts"}],"about":[{"href":"https:\/\/www.manquepierda.com\/historiarealbetis\/wp-json\/wp\/v2\/types\/post"}],"author":[{"embeddable":true,"href":"https:\/\/www.manquepierda.com\/historiarealbetis\/wp-json\/wp\/v2\/users\/5"}],"replies":[{"embeddable":true,"href":"https:\/\/www.manquepierda.com\/historiarealbetis\/wp-json\/wp\/v2\/comments?post=90924"}],"version-history":[{"count":4,"href":"https:\/\/www.manquepierda.com\/historiarealbetis\/wp-json\/wp\/v2\/posts\/90924\/revisions"}],"predecessor-version":[{"id":104414,"href":"https:\/\/www.manquepierda.com\/historiarealbetis\/wp-json\/wp\/v2\/posts\/90924\/revisions\/104414"}],"wp:featuredmedia":[{"embeddable":true,"href":"https:\/\/www.manquepierda.com\/historiarealbetis\/wp-json\/wp\/v2\/media\/90925"}],"wp:attachment":[{"href":"https:\/\/www.manquepierda.com\/historiarealbetis\/wp-json\/wp\/v2\/media?parent=90924"}],"wp:term":[{"taxonomy":"category","embeddable":true,"href":"https:\/\/www.manquepierda.com\/historiarealbetis\/wp-json\/wp\/v2\/categories?post=90924"},{"taxonomy":"post_tag","embeddable":true,"href":"https:\/\/www.manquepierda.com\/historiarealbetis\/wp-json\/wp\/v2\/tags?post=90924"}],"curies":[{"name":"wp","href":"https:\/\/api.w.org\/{rel}","templated":true}]}}