{"id":90928,"date":"2023-09-29T12:00:00","date_gmt":"2023-09-29T10:00:00","guid":{"rendered":"https:\/\/www.manquepierda.com\/historiarealbetis\/?p=90928"},"modified":"2024-09-01T11:12:16","modified_gmt":"2024-09-01T09:12:16","slug":"hoy-hace-60-anos-betis-1-oviedo-0","status":"publish","type":"post","link":"https:\/\/www.manquepierda.com\/historiarealbetis\/hoy-hace-60-anos-betis-1-oviedo-0\/","title":{"rendered":"Hoy hace 60 a\u00f1os. Betis 1 Oviedo 0."},"content":{"rendered":"<div class=\"wp-block-image\">\n<figure class=\"aligncenter size-large\"><img data-recalc-dims=\"1\" loading=\"lazy\" decoding=\"async\" width=\"960\" height=\"460\" src=\"https:\/\/i0.wp.com\/www.manquepierda.com\/historiarealbetis\/files\/2023\/09\/29-1963-Betis-1-Oviedo-0.jpg?resize=960%2C460&#038;ssl=1\" alt=\"\" class=\"wp-image-90929\" srcset=\"https:\/\/i0.wp.com\/www.manquepierda.com\/historiarealbetis\/files\/2023\/09\/29-1963-Betis-1-Oviedo-0.jpg?resize=960%2C460&amp;ssl=1 960w, https:\/\/i0.wp.com\/www.manquepierda.com\/historiarealbetis\/files\/2023\/09\/29-1963-Betis-1-Oviedo-0.jpg?resize=680%2C326&amp;ssl=1 680w, https:\/\/i0.wp.com\/www.manquepierda.com\/historiarealbetis\/files\/2023\/09\/29-1963-Betis-1-Oviedo-0.jpg?resize=220%2C106&amp;ssl=1 220w, https:\/\/i0.wp.com\/www.manquepierda.com\/historiarealbetis\/files\/2023\/09\/29-1963-Betis-1-Oviedo-0.jpg?resize=768%2C368&amp;ssl=1 768w, https:\/\/i0.wp.com\/www.manquepierda.com\/historiarealbetis\/files\/2023\/09\/29-1963-Betis-1-Oviedo-0.jpg?w=1032&amp;ssl=1 1032w\" sizes=\"auto, (max-width: 960px) 100vw, 960px\" \/><\/figure>\n<\/div>\n\n<p><\/p>\n<p><span style=\"color: #008000\">El 29 de septiembre de 1963 en el Villamar\u00edn el Betis vence 1-0 al Oviedo en partido de la jornada 3 del Campeonato de Liga de Primera Divisi\u00f3n.<\/span><\/p>\n<p><span style=\"color: #008000\">Molina, al transformar un penalti cometido sobre Pallar\u00e9s en el minuto 71, fue autor del \u00fanico gol del partido.<\/span><\/p>\n<p><span style=\"color: #008000\">El Betis, dirigido por Domingo Balmanya, jug\u00f3 con Pep\u00edn; Colo, R\u00edos, Grau; Bosch, Montaner; Portilla, Pallar\u00e9s, Ansola, Lasa y Molina.<\/span><\/p>\n<p><span style=\"color: #008000\">El Oviedo, entrenado por Enrique Orizaola, aline\u00f3 a Madriles; Toni, Datzira, Alfonso; Iguar\u00e1n, Icazuriaga; Gir\u00f3n, Jos\u00e9 Luis, Miguel, Lorenzo y Jos\u00e9 Mar\u00eda. &nbsp;<\/span><\/p>","protected":false},"excerpt":{"rendered":"<p>El 29 de septiembre de 1963 en el Villamar\u00edn el Betis vence 1-0 al Oviedo en partido de la jornada 3 del Campeonato de Liga de Primera Divisi\u00f3n. Molina, al transformar un penalti cometido sobre Pallar\u00e9s en el minuto 71, fue autor del \u00fanico gol del partido. El Betis, dirigido por Domingo Balmanya, jug\u00f3 con&#8230;<\/p>\n","protected":false},"author":5,"featured_media":90929,"comment_status":"open","ping_status":"open","sticky":false,"template":"","format":"standard","meta":{"_kad_post_transparent":"","_kad_post_title":"","_kad_post_layout":"","_kad_post_sidebar_id":"","_kad_post_content_style":"","_kad_post_vertical_padding":"","_kad_post_feature":"","_kad_post_feature_position":"","_kad_post_header":false,"_kad_post_footer":false,"_kad_post_classname":"","_jetpack_memberships_contains_paid_content":false,"footnotes":"","jetpack_publicize_message":"","jetpack_publicize_feature_enabled":true,"jetpack_social_post_already_shared":true,"jetpack_social_options":{"image_generator_settings":{"template":"highway","default_image_id":0,"font":"","enabled":false},"version":2}},"categories":[902,14583,1],"tags":[4281,17829,14171],"class_list":["post-90928","post","type-post","status-publish","format-standard","has-post-thumbnail","hentry","category-1960-1969","category-efemerides","category-portada","tag-4281","tag-liga-primera-1963-64","tag-real-oviedo-cf"],"jetpack_publicize_connections":[],"jetpack_featured_media_url":"https:\/\/i0.wp.com\/www.manquepierda.com\/historiarealbetis\/files\/2023\/09\/29-1963-Betis-1-Oviedo-0.jpg?fit=1032%2C495&ssl=1","jetpack_sharing_enabled":true,"jetpack_shortlink":"https:\/\/wp.me\/p1ij08-nEA","jetpack-related-posts":[],"_links":{"self":[{"href":"https:\/\/www.manquepierda.com\/historiarealbetis\/wp-json\/wp\/v2\/posts\/90928","targetHints":{"allow":["GET"]}}],"collection":[{"href":"https:\/\/www.manquepierda.com\/historiarealbetis\/wp-json\/wp\/v2\/posts"}],"about":[{"href":"https:\/\/www.manquepierda.com\/historiarealbetis\/wp-json\/wp\/v2\/types\/post"}],"author":[{"embeddable":true,"href":"https:\/\/www.manquepierda.com\/historiarealbetis\/wp-json\/wp\/v2\/users\/5"}],"replies":[{"embeddable":true,"href":"https:\/\/www.manquepierda.com\/historiarealbetis\/wp-json\/wp\/v2\/comments?post=90928"}],"version-history":[{"count":2,"href":"https:\/\/www.manquepierda.com\/historiarealbetis\/wp-json\/wp\/v2\/posts\/90928\/revisions"}],"predecessor-version":[{"id":90931,"href":"https:\/\/www.manquepierda.com\/historiarealbetis\/wp-json\/wp\/v2\/posts\/90928\/revisions\/90931"}],"wp:featuredmedia":[{"embeddable":true,"href":"https:\/\/www.manquepierda.com\/historiarealbetis\/wp-json\/wp\/v2\/media\/90929"}],"wp:attachment":[{"href":"https:\/\/www.manquepierda.com\/historiarealbetis\/wp-json\/wp\/v2\/media?parent=90928"}],"wp:term":[{"taxonomy":"category","embeddable":true,"href":"https:\/\/www.manquepierda.com\/historiarealbetis\/wp-json\/wp\/v2\/categories?post=90928"},{"taxonomy":"post_tag","embeddable":true,"href":"https:\/\/www.manquepierda.com\/historiarealbetis\/wp-json\/wp\/v2\/tags?post=90928"}],"curies":[{"name":"wp","href":"https:\/\/api.w.org\/{rel}","templated":true}]}}