{"id":90936,"date":"2023-09-27T10:36:00","date_gmt":"2023-09-27T08:36:00","guid":{"rendered":"https:\/\/www.manquepierda.com\/historiarealbetis\/?p=90936"},"modified":"2024-08-14T10:30:34","modified_gmt":"2024-08-14T08:30:34","slug":"granada-betis-liga-2013","status":"publish","type":"post","link":"https:\/\/www.manquepierda.com\/historiarealbetis\/granada-betis-liga-2013\/","title":{"rendered":"Granada-Betis Liga 2013"},"content":{"rendered":"<div class=\"wp-block-image\">\n<figure class=\"aligncenter size-large\"><img data-recalc-dims=\"1\" loading=\"lazy\" decoding=\"async\" width=\"604\" height=\"700\" src=\"https:\/\/i0.wp.com\/www.manquepierda.com\/historiarealbetis\/files\/2023\/09\/Granada-Betis-Liga-2013-celebracion-de-Ruben-Castro.jpg?resize=604%2C700&#038;ssl=1\" alt=\"\" class=\"wp-image-90937\" srcset=\"https:\/\/i0.wp.com\/www.manquepierda.com\/historiarealbetis\/files\/2023\/09\/Granada-Betis-Liga-2013-celebracion-de-Ruben-Castro.jpg?resize=604%2C700&amp;ssl=1 604w, https:\/\/i0.wp.com\/www.manquepierda.com\/historiarealbetis\/files\/2023\/09\/Granada-Betis-Liga-2013-celebracion-de-Ruben-Castro.jpg?resize=518%2C600&amp;ssl=1 518w, https:\/\/i0.wp.com\/www.manquepierda.com\/historiarealbetis\/files\/2023\/09\/Granada-Betis-Liga-2013-celebracion-de-Ruben-Castro.jpg?resize=190%2C220&amp;ssl=1 190w, https:\/\/i0.wp.com\/www.manquepierda.com\/historiarealbetis\/files\/2023\/09\/Granada-Betis-Liga-2013-celebracion-de-Ruben-Castro.jpg?resize=768%2C890&amp;ssl=1 768w, https:\/\/i0.wp.com\/www.manquepierda.com\/historiarealbetis\/files\/2023\/09\/Granada-Betis-Liga-2013-celebracion-de-Ruben-Castro.jpg?w=883&amp;ssl=1 883w\" sizes=\"auto, (max-width: 604px) 100vw, 604px\" \/><\/figure>\n<\/div>\n\n<p><\/p>\n<p>7 de abril de 2013 en el Nuevo Los C\u00e1rmenes Granada 1 Betis 5; jornada 30 del Campeonato de Liga de Primera Divisi\u00f3n.<\/p>\n<p>En la imagen Rub\u00e9n Castro tras uno de los dos goles que marc\u00f3 esa noche al equipo granadino. I\u00f1igo L\u00f3pez, en propia puerta, Pab\u00f3n y \u00c1ngel hicieron los restantes tantos verdiblancos, mientras que&nbsp; Aranda marc\u00f3 el gol local.<\/p>\n<p>Lucas Alcaraz dirig\u00eda al Granada y Pepe Mel al Betis.&nbsp;<\/p>","protected":false},"excerpt":{"rendered":"<p>7 de abril de 2013 en el Nuevo Los C\u00e1rmenes Granada 1 Betis 5; jornada 30 del Campeonato de Liga de Primera Divisi\u00f3n. En la imagen Rub\u00e9n Castro tras uno de los dos goles que marc\u00f3 esa noche al equipo granadino. I\u00f1igo L\u00f3pez, en propia puerta, Pab\u00f3n y \u00c1ngel hicieron los restantes tantos verdiblancos, mientras&#8230;<\/p>\n","protected":false},"author":5,"featured_media":90937,"comment_status":"open","ping_status":"open","sticky":false,"template":"","format":"standard","meta":{"_kad_post_transparent":"","_kad_post_title":"","_kad_post_layout":"","_kad_post_sidebar_id":"","_kad_post_content_style":"","_kad_post_vertical_padding":"","_kad_post_feature":"","_kad_post_feature_position":"","_kad_post_header":false,"_kad_post_footer":false,"_kad_post_classname":"","_jetpack_memberships_contains_paid_content":false,"footnotes":"","jetpack_publicize_message":"","jetpack_publicize_feature_enabled":true,"jetpack_social_post_already_shared":true,"jetpack_social_options":{"image_generator_settings":{"template":"highway","default_image_id":0,"font":"","enabled":false},"version":2}},"categories":[15447,1],"tags":[16968,16967,3134,17843,748],"class_list":["post-90936","post","type-post","status-publish","format-standard","has-post-thumbnail","hentry","category-2010-2019","category-portada","tag-2012-13","tag-16967","tag-granada-cf","tag-liga-primera-2012-13","tag-ruben-castro"],"jetpack_publicize_connections":[],"jetpack_featured_media_url":"https:\/\/i0.wp.com\/www.manquepierda.com\/historiarealbetis\/files\/2023\/09\/Granada-Betis-Liga-2013-celebracion-de-Ruben-Castro.jpg?fit=883%2C1023&ssl=1","jetpack_sharing_enabled":true,"jetpack_shortlink":"https:\/\/wp.me\/p1ij08-nEI","jetpack-related-posts":[],"_links":{"self":[{"href":"https:\/\/www.manquepierda.com\/historiarealbetis\/wp-json\/wp\/v2\/posts\/90936","targetHints":{"allow":["GET"]}}],"collection":[{"href":"https:\/\/www.manquepierda.com\/historiarealbetis\/wp-json\/wp\/v2\/posts"}],"about":[{"href":"https:\/\/www.manquepierda.com\/historiarealbetis\/wp-json\/wp\/v2\/types\/post"}],"author":[{"embeddable":true,"href":"https:\/\/www.manquepierda.com\/historiarealbetis\/wp-json\/wp\/v2\/users\/5"}],"replies":[{"embeddable":true,"href":"https:\/\/www.manquepierda.com\/historiarealbetis\/wp-json\/wp\/v2\/comments?post=90936"}],"version-history":[{"count":2,"href":"https:\/\/www.manquepierda.com\/historiarealbetis\/wp-json\/wp\/v2\/posts\/90936\/revisions"}],"predecessor-version":[{"id":90939,"href":"https:\/\/www.manquepierda.com\/historiarealbetis\/wp-json\/wp\/v2\/posts\/90936\/revisions\/90939"}],"wp:featuredmedia":[{"embeddable":true,"href":"https:\/\/www.manquepierda.com\/historiarealbetis\/wp-json\/wp\/v2\/media\/90937"}],"wp:attachment":[{"href":"https:\/\/www.manquepierda.com\/historiarealbetis\/wp-json\/wp\/v2\/media?parent=90936"}],"wp:term":[{"taxonomy":"category","embeddable":true,"href":"https:\/\/www.manquepierda.com\/historiarealbetis\/wp-json\/wp\/v2\/categories?post=90936"},{"taxonomy":"post_tag","embeddable":true,"href":"https:\/\/www.manquepierda.com\/historiarealbetis\/wp-json\/wp\/v2\/tags?post=90936"}],"curies":[{"name":"wp","href":"https:\/\/api.w.org\/{rel}","templated":true}]}}