{"id":90940,"date":"2023-09-30T12:00:00","date_gmt":"2023-09-30T10:00:00","guid":{"rendered":"https:\/\/www.manquepierda.com\/historiarealbetis\/?p=90940"},"modified":"2023-09-22T18:55:34","modified_gmt":"2023-09-22T16:55:34","slug":"hoy-hace-50-anos-baracaldo-0-betis-0","status":"publish","type":"post","link":"https:\/\/www.manquepierda.com\/historiarealbetis\/hoy-hace-50-anos-baracaldo-0-betis-0\/","title":{"rendered":"Hoy hace 50 a\u00f1os. Baracaldo 0 Betis 0."},"content":{"rendered":"<div class=\"wp-block-image\">\n<figure class=\"aligncenter size-full\"><img data-recalc-dims=\"1\" loading=\"lazy\" decoding=\"async\" width=\"921\" height=\"212\" src=\"https:\/\/i0.wp.com\/www.manquepierda.com\/historiarealbetis\/files\/2023\/09\/30-1973-Baracaldo-0-Betis-0.jpg?resize=921%2C212&#038;ssl=1\" alt=\"\" class=\"wp-image-90941\" srcset=\"https:\/\/i0.wp.com\/www.manquepierda.com\/historiarealbetis\/files\/2023\/09\/30-1973-Baracaldo-0-Betis-0.jpg?w=921&amp;ssl=1 921w, https:\/\/i0.wp.com\/www.manquepierda.com\/historiarealbetis\/files\/2023\/09\/30-1973-Baracaldo-0-Betis-0.jpg?resize=680%2C157&amp;ssl=1 680w, https:\/\/i0.wp.com\/www.manquepierda.com\/historiarealbetis\/files\/2023\/09\/30-1973-Baracaldo-0-Betis-0.jpg?resize=220%2C51&amp;ssl=1 220w, https:\/\/i0.wp.com\/www.manquepierda.com\/historiarealbetis\/files\/2023\/09\/30-1973-Baracaldo-0-Betis-0.jpg?resize=768%2C177&amp;ssl=1 768w\" sizes=\"auto, (max-width: 921px) 100vw, 921px\" \/><\/figure>\n<\/div>\n\n<p><\/p>\n<p><span style=\"font-family: Verdana, sans-serif;color: #008000\">El 30 de septiembre de 1973 en Lasesarre Baracaldo y Betis empatan a 0 en partido de la jornada 5 del Campeonato de Liga de Segunda Divisi\u00f3n. <\/span><\/p>\n<p><span style=\"font-family: Verdana, sans-serif;color: #008000\">Sobre un terreno dif\u00edcil y embarrado el Betis mantuvo un buen orden defensivo, logrando asegurar un punto en un campo complicado.<\/span><\/p>\n<p><span style=\"font-family: Verdana, sans-serif;color: #008000\">El Baracaldo, dirigido por Eusebio R\u00edos, aline\u00f3 a Bilbao; Carlos, Madariaga, Arechalde, Aviega; O\u00f1aederra, V\u00edctor, Urruchurtu (81, Otaolea); Dani, Larreina y Lalo.<\/span><\/p>\n<p><span style=\"font-family: Verdana, sans-serif;color: #008000\">El Betis, entrenado por Ferenc Szusza, jug\u00f3 con Esnaola; Bizcocho, Telech\u00eda, Iglesias, Cobo; Olmedo, L\u00f3pez, Biosca; Aramburu, Mameli (70, Nebot) y Rogelio (77, Sabat\u00e9).<\/span><\/p>","protected":false},"excerpt":{"rendered":"<p>El 30 de septiembre de 1973 en Lasesarre Baracaldo y Betis empatan a 0 en partido de la jornada 5 del Campeonato de Liga de Segunda Divisi\u00f3n. Sobre un terreno dif\u00edcil y embarrado el Betis mantuvo un buen orden defensivo, logrando asegurar un punto en un campo complicado. El Baracaldo, dirigido por Eusebio R\u00edos, aline\u00f3&#8230;<\/p>\n","protected":false},"author":5,"featured_media":90941,"comment_status":"open","ping_status":"open","sticky":false,"template":"","format":"standard","meta":{"_kad_post_transparent":"","_kad_post_title":"","_kad_post_layout":"","_kad_post_sidebar_id":"","_kad_post_content_style":"","_kad_post_vertical_padding":"","_kad_post_feature":"","_kad_post_feature_position":"","_kad_post_header":false,"_kad_post_footer":false,"_kad_post_classname":"","_jetpack_memberships_contains_paid_content":false,"footnotes":"","jetpack_publicize_message":"","jetpack_publicize_feature_enabled":true,"jetpack_social_post_already_shared":true,"jetpack_social_options":{"image_generator_settings":{"template":"highway","default_image_id":0,"font":"","enabled":false},"version":2}},"categories":[903,14583,1],"tags":[56,2564],"class_list":["post-90940","post","type-post","status-publish","format-standard","has-post-thumbnail","hentry","category-1970-1979","category-efemerides","category-portada","tag-56","tag-baracaldo-cf"],"jetpack_publicize_connections":[],"jetpack_featured_media_url":"https:\/\/i0.wp.com\/www.manquepierda.com\/historiarealbetis\/files\/2023\/09\/30-1973-Baracaldo-0-Betis-0.jpg?fit=921%2C212&ssl=1","jetpack_sharing_enabled":true,"jetpack_shortlink":"https:\/\/wp.me\/p1ij08-nEM","jetpack-related-posts":[],"_links":{"self":[{"href":"https:\/\/www.manquepierda.com\/historiarealbetis\/wp-json\/wp\/v2\/posts\/90940","targetHints":{"allow":["GET"]}}],"collection":[{"href":"https:\/\/www.manquepierda.com\/historiarealbetis\/wp-json\/wp\/v2\/posts"}],"about":[{"href":"https:\/\/www.manquepierda.com\/historiarealbetis\/wp-json\/wp\/v2\/types\/post"}],"author":[{"embeddable":true,"href":"https:\/\/www.manquepierda.com\/historiarealbetis\/wp-json\/wp\/v2\/users\/5"}],"replies":[{"embeddable":true,"href":"https:\/\/www.manquepierda.com\/historiarealbetis\/wp-json\/wp\/v2\/comments?post=90940"}],"version-history":[{"count":2,"href":"https:\/\/www.manquepierda.com\/historiarealbetis\/wp-json\/wp\/v2\/posts\/90940\/revisions"}],"predecessor-version":[{"id":90943,"href":"https:\/\/www.manquepierda.com\/historiarealbetis\/wp-json\/wp\/v2\/posts\/90940\/revisions\/90943"}],"wp:featuredmedia":[{"embeddable":true,"href":"https:\/\/www.manquepierda.com\/historiarealbetis\/wp-json\/wp\/v2\/media\/90941"}],"wp:attachment":[{"href":"https:\/\/www.manquepierda.com\/historiarealbetis\/wp-json\/wp\/v2\/media?parent=90940"}],"wp:term":[{"taxonomy":"category","embeddable":true,"href":"https:\/\/www.manquepierda.com\/historiarealbetis\/wp-json\/wp\/v2\/categories?post=90940"},{"taxonomy":"post_tag","embeddable":true,"href":"https:\/\/www.manquepierda.com\/historiarealbetis\/wp-json\/wp\/v2\/tags?post=90940"}],"curies":[{"name":"wp","href":"https:\/\/api.w.org\/{rel}","templated":true}]}}