{"id":9096,"date":"2011-02-25T06:06:29","date_gmt":"2011-02-25T06:06:29","guid":{"rendered":"http:\/\/www.manquepierda.com\/historiarealbetis\/?p=9096"},"modified":"2024-08-04T19:57:14","modified_gmt":"2024-08-04T17:57:14","slug":"nos-visita-el-albacete-balompie","status":"publish","type":"post","link":"https:\/\/www.manquepierda.com\/historiarealbetis\/nos-visita-el-albacete-balompie\/","title":{"rendered":"Nos visita el Albacete Balompi\u00e9"},"content":{"rendered":"<p><a class=\"lightbox\" title=\"Albacete foto 1930\" href=\"https:\/\/i0.wp.com\/www.manquepierda.com\/historiarealbetis\/files\/2011\/02\/Albacete-foto-1930.jpg?ssl=1\"><img data-recalc-dims=\"1\" loading=\"lazy\" decoding=\"async\" class=\"aligncenter size-full wp-image-9098\" src=\"https:\/\/i0.wp.com\/www.manquepierda.com\/historiarealbetis\/files\/2011\/02\/Albacete-foto-1930.jpg?resize=288%2C184&#038;ssl=1\" alt=\"\" width=\"288\" height=\"184\" \/><\/a><\/p>\n<p>El pr\u00f3ximo domingo a las 17 horas recibiremos en el Benito Villamar\u00edn al Albacete Balompi\u00e9, club fundado en 1940, y que ha militado 7 temporadas en Primera Divisi\u00f3n, 18 en Segunda, 17 en Segunda B y 29 en Tercera.<\/p>\n<p>Su primera visita a terreno b\u00e9tico fue el 11 de Septiembre de 1994 con clara victoria b\u00e9tica por 4 tantos a 1 en el partido n\u00famero mil del Betis en Primera Divisi\u00f3n y exhibici\u00f3n de Angel Cu\u00e9llar.<\/p>\n<figure id=\"attachment_9097\" aria-describedby=\"caption-attachment-9097\" style=\"width: 594px\" class=\"wp-caption aligncenter\"><a class=\"lightbox\" title=\"Betis-Albacete 1994\" href=\"https:\/\/i0.wp.com\/www.manquepierda.com\/historiarealbetis\/files\/2011\/02\/Betis-Albacete-1994.jpg?ssl=1\"><img data-recalc-dims=\"1\" loading=\"lazy\" decoding=\"async\" class=\"size-full wp-image-9097\" src=\"https:\/\/i0.wp.com\/www.manquepierda.com\/historiarealbetis\/files\/2011\/02\/Betis-Albacete-1994.jpg?resize=594%2C824&#038;ssl=1\" alt=\"Fuente: ABC 12 de Septiembre de 1994\" width=\"594\" height=\"824\" \/><\/a><figcaption id=\"caption-attachment-9097\" class=\"wp-caption-text\">Fuente: ABC 12 de Septiembre de 1994<\/figcaption><\/figure>\n<p>El Albacete ha disputado 6 encuentros en el Benito Villamar\u00edn, repartidos as\u00ed: 4 encuentros en Primera Divisi\u00f3n ( 3 victorias b\u00e9ticas y una albacete\u00f1a) y 2 en Segunda ( 1 empate y 1 victoria manchega).<\/p>\n<p>Entre los jugadores que han militado en ambos conjuntos est\u00e1n Nenad Bjelica, Ronald Gaspercic, Juan Luis Bernal \u00abJuanlu\u00bb, Juan Luis G\u00f3mez \u00abJuanlu\u00bb, Velli Kasumov, Marc Gonz\u00e1lez, Jos\u00e9 Mar\u00eda Men\u00e9ndez, Carlos Domingo \u00abMingo\u00bb, Julio Soler, Antonio S\u00e1nchez \u00abToni\u00bb y Joaqu\u00edn Valerio.<\/p>\n","protected":false},"excerpt":{"rendered":"<p>El pr\u00f3ximo domingo a las 17 horas recibiremos en el Benito Villamar\u00edn al Albacete Balompi\u00e9, club fundado en 1940, y que ha militado 7 temporadas en Primera Divisi\u00f3n, 18 en Segunda, 17 en Segunda B y 29 en Tercera. Su primera visita a terreno b\u00e9tico fue el 11 de Septiembre de 1994 con clara victoria&#8230;<\/p>\n","protected":false},"author":5,"featured_media":9098,"comment_status":"open","ping_status":"open","sticky":false,"template":"","format":"standard","meta":{"_kad_post_transparent":"","_kad_post_title":"","_kad_post_layout":"","_kad_post_sidebar_id":"","_kad_post_content_style":"","_kad_post_vertical_padding":"","_kad_post_feature":"","_kad_post_feature_position":"","_kad_post_header":false,"_kad_post_footer":false,"_kad_post_classname":"","_jetpack_memberships_contains_paid_content":false,"footnotes":"","jetpack_publicize_message":"","jetpack_publicize_feature_enabled":true,"jetpack_social_post_already_shared":false,"jetpack_social_options":{"image_generator_settings":{"template":"highway","default_image_id":0,"font":"","enabled":false},"version":2}},"categories":[895],"tags":[1397,1404,1389,1402,1399,1350,1403,4048,1329,1398,1400],"class_list":["post-9096","post","type-post","status-publish","format-standard","has-post-thumbnail","hentry","category-los-rivales","tag-albacete-balompie","tag-antonio-sanchez-toni","tag-joaquin-valerio","tag-jose-maria-menendez","tag-juan-luis-bernal-juanlu","tag-juan-luis-gomez-juanlu","tag-julio-soler","tag-mark-gonzalez","tag-nenad-bjelica","tag-ronald-gaspercic","tag-velli-kasumov"],"jetpack_publicize_connections":[],"jetpack_featured_media_url":"https:\/\/i0.wp.com\/www.manquepierda.com\/historiarealbetis\/files\/2011\/02\/Albacete-foto-1930.jpg?fit=288%2C184&ssl=1","jetpack_sharing_enabled":true,"jetpack_shortlink":"https:\/\/wp.me\/p1ij08-2mI","jetpack-related-posts":[],"_links":{"self":[{"href":"https:\/\/www.manquepierda.com\/historiarealbetis\/wp-json\/wp\/v2\/posts\/9096","targetHints":{"allow":["GET"]}}],"collection":[{"href":"https:\/\/www.manquepierda.com\/historiarealbetis\/wp-json\/wp\/v2\/posts"}],"about":[{"href":"https:\/\/www.manquepierda.com\/historiarealbetis\/wp-json\/wp\/v2\/types\/post"}],"author":[{"embeddable":true,"href":"https:\/\/www.manquepierda.com\/historiarealbetis\/wp-json\/wp\/v2\/users\/5"}],"replies":[{"embeddable":true,"href":"https:\/\/www.manquepierda.com\/historiarealbetis\/wp-json\/wp\/v2\/comments?post=9096"}],"version-history":[{"count":1,"href":"https:\/\/www.manquepierda.com\/historiarealbetis\/wp-json\/wp\/v2\/posts\/9096\/revisions"}],"predecessor-version":[{"id":95390,"href":"https:\/\/www.manquepierda.com\/historiarealbetis\/wp-json\/wp\/v2\/posts\/9096\/revisions\/95390"}],"wp:featuredmedia":[{"embeddable":true,"href":"https:\/\/www.manquepierda.com\/historiarealbetis\/wp-json\/wp\/v2\/media\/9098"}],"wp:attachment":[{"href":"https:\/\/www.manquepierda.com\/historiarealbetis\/wp-json\/wp\/v2\/media?parent=9096"}],"wp:term":[{"taxonomy":"category","embeddable":true,"href":"https:\/\/www.manquepierda.com\/historiarealbetis\/wp-json\/wp\/v2\/categories?post=9096"},{"taxonomy":"post_tag","embeddable":true,"href":"https:\/\/www.manquepierda.com\/historiarealbetis\/wp-json\/wp\/v2\/tags?post=9096"}],"curies":[{"name":"wp","href":"https:\/\/api.w.org\/{rel}","templated":true}]}}