{"id":90982,"date":"2023-09-25T09:56:00","date_gmt":"2023-09-25T07:56:00","guid":{"rendered":"https:\/\/www.manquepierda.com\/historiarealbetis\/?p=90982"},"modified":"2023-09-23T10:18:41","modified_gmt":"2023-09-23T08:18:41","slug":"entrevista-rafael-sobis-2007","status":"publish","type":"post","link":"https:\/\/www.manquepierda.com\/historiarealbetis\/entrevista-rafael-sobis-2007\/","title":{"rendered":"Entrevista Rafael Sobis 2007"},"content":{"rendered":"<div class=\"wp-block-image\">\n<figure class=\"aligncenter size-large\"><img data-recalc-dims=\"1\" loading=\"lazy\" decoding=\"async\" width=\"960\" height=\"690\" src=\"https:\/\/i0.wp.com\/www.manquepierda.com\/historiarealbetis\/files\/2023\/09\/rafaelsobis_1144945.jpg?resize=960%2C690&#038;ssl=1\" alt=\"\" class=\"wp-image-90983\" srcset=\"https:\/\/i0.wp.com\/www.manquepierda.com\/historiarealbetis\/files\/2023\/09\/rafaelsobis_1144945.jpg?resize=960%2C690&amp;ssl=1 960w, https:\/\/i0.wp.com\/www.manquepierda.com\/historiarealbetis\/files\/2023\/09\/rafaelsobis_1144945.jpg?resize=680%2C489&amp;ssl=1 680w, https:\/\/i0.wp.com\/www.manquepierda.com\/historiarealbetis\/files\/2023\/09\/rafaelsobis_1144945.jpg?resize=220%2C158&amp;ssl=1 220w, https:\/\/i0.wp.com\/www.manquepierda.com\/historiarealbetis\/files\/2023\/09\/rafaelsobis_1144945.jpg?resize=768%2C552&amp;ssl=1 768w, https:\/\/i0.wp.com\/www.manquepierda.com\/historiarealbetis\/files\/2023\/09\/rafaelsobis_1144945.jpg?w=1252&amp;ssl=1 1252w\" sizes=\"auto, (max-width: 960px) 100vw, 960px\" \/><\/figure>\n<\/div>\n\n<p><\/p>\n<p>El delantero brasile\u00f1o Rafael Sobis lleg\u00f3 al Betis a finales de agosto de 2006 desde el Internacional de Porto Alegre a cambio de 8,5 millones de euros. Con 21 a\u00f1os ven\u00eda precedido de una gran fama tras 3 campa\u00f1as en el equipo brasile\u00f1o y con buena facilidad para el gol.<\/p>\n<p>Su primera temporada en el Betis fue convulsa. Jug\u00f3 34 partidos oficiales e hizo 5 goles; el equipo hizo una mala campa\u00f1a con Javier Irureta y Luis Fern\u00e1ndez en el banquillo, salv\u00e1ndose del descenso en la \u00faltima jornada tras una victoria ag\u00f3nica en Santander con Francisco Chaparro.<\/p>\n<p>Para la siguiente temporada las esperanzas de ver otro Betis ya se manifiestan en esta entrevista realizada por el periodista Rafael Rom\u00e1n para ABC durante la pretemporada en Montecastillo en julio de 2007.<\/p>\n<p><span style=\"color: #008000\"><em>Anda perdido, desubicado. No se ha adaptado a\u00fan al cambio horario y parece que no es un hombre que se acostumbre r\u00e1pidamente a las nuevas condiciones de vida. Quiz\u00e1 por eso se qued\u00f3 in\u00e9dito el a\u00f1o pasado, as\u00ed que los b\u00e9ticos esperan que la pr\u00f3xima campa\u00f1a sea la suya y demuestre la calidad que se le supone.<\/em><\/span><\/p>\n<p><span style=\"color: #008000\"><em>Hay quien dice que si Sobis juega este a\u00f1o al nivel que exhibi\u00f3 en Brasil antes de venir, el Betis mejorar\u00e1 mucho. \u00c9l s\u00f3lo quiere sentirse bien y hacer lo que sabe.<\/em><\/span><\/p>\n<p><span style=\"color: #008000\"><em>&#8211; A pesar de las palizas f\u00edsicas que llevan estos d\u00edas, estar\u00e1 m\u00e1s fresco que la temporada pasada, que no tuvo usted vacaciones, \u00bfno?<\/em><\/span><\/p>\n<p><span style=\"color: #008000\"><em>&#8211; Claro, estoy mucho mejor. Siempre es bueno tener un tiempo para descansar y lo he tenido. Ahora empezamos fuerte la pretemporada y espero que, a partir de ah\u00ed, pueda hacer una buena temporada. De todas formas, lo que m\u00e1s afecta es el cansancio psicol\u00f3gico en circunstancias como las que pasamos el a\u00f1o pasado. Este descanso ha sido bueno para todo, tanto para la cabeza como para el cuerpo<\/em><\/span><\/p>\n<p><span style=\"color: #008000\"><em>&#8211; Ha descansado pero se ha perdido la Copa Am\u00e9rica. \u00bfC\u00f3mo la ha vivido?<\/em><\/span><\/p>\n<p><span style=\"color: #008000\"><em>&#8211; Ten\u00eda muchas ganas de jugarla, pero las cosas son as\u00ed. En Brasil todav\u00eda pensaban que estaba lesionado, as\u00ed que la he vivido como aficionado, intentando apoyar a mi selecci\u00f3n, aunque la verdad es que me qued\u00e9 un poco triste por no estar entre los convocados<\/em><\/span><\/p>\n<p><span style=\"color: #008000\"><em>&#8211; \u00bfQu\u00e9 tal con H\u00e9ctor C\u00faper?<\/em><\/span><\/p>\n<p><span style=\"color: #008000\"><em>&#8211; Todav\u00eda no hemos trabajado con \u00e9l. Lo que hemos hecho es con el preparador f\u00edsico, que me gusta mucho porque trabajamos muy fuerte. Cuando comencemos a entrenar con bal\u00f3n conoceremos mejor al entrenador. Le gusta hablar, y nos dijo c\u00f3mo quiere al equipo. Personalmente, uno a uno, todav\u00eda no ha hablado con los jugadores, no ha habido tiempo<\/em><\/span><\/p>\n<p><span style=\"color: #008000\"><em>&#8211; \u00bfQu\u00e9 le parecen los fichajes?<\/em><\/span><\/p>\n<p><em><span style=\"color: #008000\">&#8211; Me parecen muy buenos. Son futbolistas que vienen bien al equipo, llegan para sumar y nos van a ayudar<\/span><\/em><\/p>\n<p><span style=\"color: #008000\"><em>&#8211; \u00bfCree que es necesaria alguna contrataci\u00f3n m\u00e1s?<\/em><\/span><\/p>\n<p><span style=\"color: #008000\"><em>&#8211; Tenemos un buen equipo. Lo que hay que hacer ahora es trabajar bien en la pretemporada y que el m\u00edster haga que juguemos bien<\/em><\/span><\/p>\n<p><span style=\"color: #008000\"><em>&#8211; \u00bfQu\u00e9 balance puede hacer de la temporada pasada?<\/em><\/span><\/p>\n<p><em><span style=\"color: #008000\">&#8211; Fue un a\u00f1o malo. Fall\u00f3 un poco de todo. Los jugadores, los entrenadores\u2026todo. Creo que cuando pasa esto en un club, que desde el principio todo es malo, malo, cada uno tiene su parte de culpa, y lo que queremos es que no ocurra nunca m\u00e1s<\/span><\/em><\/p>\n<p><span style=\"color: #008000\"><em>&#8211; Una vez que salv\u00f3 la categor\u00eda, \u00bfqu\u00e9 objetivo debe tener el equipo este a\u00f1o?<\/em><\/span><\/p>\n<p><span style=\"color: #008000\"><em>&#8211; Quedar lo mejor posible. Hay que ir partido a partido. Ojal\u00e1 podamos quedar entre los seis primeros, como dijo Lopera, pero no sirve de nada empezar bien la temporada si despu\u00e9s la acabas mal, o como nos pas\u00f3 el a\u00f1o pasado a nosotros, que empezamos mal y acabamos algo mejor. Lo que tenemos que hacer es ser m\u00e1s regulares<\/em><\/span><\/p>\n<p><span style=\"color: #008000\"><em>&#8211; \u00bfCree que con C\u00faper podr\u00e1 al fin jugar en su puesto?<\/em><\/span><\/p>\n<p><span style=\"color: #008000\"><em>&#8211; Espero que s\u00ed. Estoy ansioso por jugar en mi puesto y hacer lo que me gusta, que es marcar goles. Para eso vine aqu\u00ed<\/em><\/span><\/p>\n<p><span style=\"color: #008000\"><em>&#8211; Lopera coment\u00f3 en la presentaci\u00f3n de los fichajes que hab\u00eda realizado que hab\u00eda rechazado una oferta por usted de 14 millones de euros. \u00bfQu\u00e9 opini\u00f3n tiene al respecto?<\/em><\/span><\/p>\n<p><em><span style=\"color: #008000\">&#8211; No habl\u00e9 con Lopera. Escuch\u00e9 algunos comentarios, pero no s\u00e9 nada concreto, as\u00ed que no puedo hablar del tema. Vi en la prensa que era del Spartak de Mosc\u00fa. No pens\u00e9 en la posibilidad de salir porque ni siquiera conoc\u00eda la oferta, no sab\u00eda absolutamente nada<\/span><\/em><\/p>\n<p><span style=\"color: #008000\"><em>&#8211; Ofertas aparte, \u00bfespera cumplir su contrato?<\/em><\/span><\/p>\n<p><em><span style=\"color: #008000\">&#8211; Claro. Siempre lo he hecho en los equipos que he jugado. Espero que aqu\u00ed pase igual<\/span><\/em><\/p>\n<p><span style=\"color: #008000\"><em>&#8211; \u00bfC\u00f3mo la afecta a los jugadores que muchos aficionados protesten contra Lopera?<\/em><\/span><\/p>\n<p><em><span style=\"color: #008000\">&#8211; La verdad es que no sab\u00eda nada de eso. He llegado despu\u00e9s de un mes sin pensar en<\/span> <span style=\"color: #008000\">nada de f\u00fatbol, pero no nos tiene que afectar, pues nosotros estamos aqu\u00ed para jugar. Lo que pasa fuera no nos interesa<\/span><\/em><\/p>\n<p><em><span style=\"color: #008000\">&#8211; Lleva un a\u00f1o en el Betis y ha tenido cuatro entrenadores. \u00bfAlguna vez se hab\u00eda encontrado en una<\/span> <span style=\"color: #008000\">situaci\u00f3n as\u00ed?<\/span><\/em><\/p>\n<p><span style=\"color: #008000\"><em>&#8211; Nunca, nunca (y se r\u00ede). En toda mi carrera yo hab\u00eda tenido tres entrenadores, y ahora en Espa\u00f1a voy por el cuarto en un a\u00f1o. Bueno, ni siquiera se ha cumplido un a\u00f1o desde que llegu\u00e9, si se fija. Son muchos, pero esperamos que C\u00faper venga para quedarse por mucho tiempo<\/em><\/span><\/p>\n<p><span style=\"color: #008000\"><em>&#8211; \u00bfSe aventura a decir una cifra de goles para esta temporada?<\/em><\/span><\/p>\n<p><em><span style=\"color: #008000\">&#8211; Es complicado decir cu\u00e1ntos goles vas a meter en un a\u00f1o. Espero que sean muchos\u2026y desde luego muchos m\u00e1s que en la temporada pasada<\/span><\/em><\/p>\n<p><span style=\"color: #008000\"><em>&#8211; Alg\u00fan mensaje para los aficionados\u2026<\/em><\/span><\/p>\n<p><span style=\"color: #008000\"><em>&#8211; Que nosotros sufrimos tanto como ellos. Me gustar\u00eda que lo supieran. Ahora estamos trabajando mucho en la pretemporada para que al final del a\u00f1o se queden contentos con nosotros<\/em><\/span><\/p>\n<p><em>&nbsp;<\/em><\/p>\n<p><\/p>","protected":false},"excerpt":{"rendered":"<p>El delantero brasile\u00f1o Rafael Sobis lleg\u00f3 al Betis a finales de agosto de 2006 desde el Internacional de Porto Alegre a cambio de 8,5 millones de euros. Con 21 a\u00f1os ven\u00eda precedido de una gran fama tras 3 campa\u00f1as en el equipo brasile\u00f1o y con buena facilidad para el gol. Su primera temporada en el&#8230;<\/p>\n","protected":false},"author":5,"featured_media":90983,"comment_status":"open","ping_status":"open","sticky":false,"template":"","format":"standard","meta":{"_kad_post_transparent":"","_kad_post_title":"","_kad_post_layout":"","_kad_post_sidebar_id":"","_kad_post_content_style":"","_kad_post_vertical_padding":"","_kad_post_feature":"","_kad_post_feature_position":"","_kad_post_header":false,"_kad_post_footer":false,"_kad_post_classname":"","_jetpack_memberships_contains_paid_content":false,"footnotes":"","jetpack_publicize_message":"","jetpack_publicize_feature_enabled":true,"jetpack_social_post_already_shared":true,"jetpack_social_options":{"image_generator_settings":{"template":"highway","default_image_id":0,"font":"","enabled":false},"version":2}},"categories":[4823,893,1],"tags":[8674,6620,17608,11701],"class_list":["post-90982","post","type-post","status-publish","format-standard","has-post-thumbnail","hentry","category-2000-2009","category-jugadores-temas","category-portada","tag-8674","tag-2007-08","tag-rafael-roman","tag-rafael-sobis"],"jetpack_publicize_connections":[],"jetpack_featured_media_url":"https:\/\/i0.wp.com\/www.manquepierda.com\/historiarealbetis\/files\/2023\/09\/rafaelsobis_1144945.jpg?fit=1252%2C900&ssl=1","jetpack_sharing_enabled":true,"jetpack_shortlink":"https:\/\/wp.me\/p1ij08-nFs","jetpack-related-posts":[],"_links":{"self":[{"href":"https:\/\/www.manquepierda.com\/historiarealbetis\/wp-json\/wp\/v2\/posts\/90982","targetHints":{"allow":["GET"]}}],"collection":[{"href":"https:\/\/www.manquepierda.com\/historiarealbetis\/wp-json\/wp\/v2\/posts"}],"about":[{"href":"https:\/\/www.manquepierda.com\/historiarealbetis\/wp-json\/wp\/v2\/types\/post"}],"author":[{"embeddable":true,"href":"https:\/\/www.manquepierda.com\/historiarealbetis\/wp-json\/wp\/v2\/users\/5"}],"replies":[{"embeddable":true,"href":"https:\/\/www.manquepierda.com\/historiarealbetis\/wp-json\/wp\/v2\/comments?post=90982"}],"version-history":[{"count":2,"href":"https:\/\/www.manquepierda.com\/historiarealbetis\/wp-json\/wp\/v2\/posts\/90982\/revisions"}],"predecessor-version":[{"id":90985,"href":"https:\/\/www.manquepierda.com\/historiarealbetis\/wp-json\/wp\/v2\/posts\/90982\/revisions\/90985"}],"wp:featuredmedia":[{"embeddable":true,"href":"https:\/\/www.manquepierda.com\/historiarealbetis\/wp-json\/wp\/v2\/media\/90983"}],"wp:attachment":[{"href":"https:\/\/www.manquepierda.com\/historiarealbetis\/wp-json\/wp\/v2\/media?parent=90982"}],"wp:term":[{"taxonomy":"category","embeddable":true,"href":"https:\/\/www.manquepierda.com\/historiarealbetis\/wp-json\/wp\/v2\/categories?post=90982"},{"taxonomy":"post_tag","embeddable":true,"href":"https:\/\/www.manquepierda.com\/historiarealbetis\/wp-json\/wp\/v2\/tags?post=90982"}],"curies":[{"name":"wp","href":"https:\/\/api.w.org\/{rel}","templated":true}]}}