{"id":91051,"date":"2023-10-06T12:00:00","date_gmt":"2023-10-06T10:00:00","guid":{"rendered":"https:\/\/www.manquepierda.com\/historiarealbetis\/?p=91051"},"modified":"2024-09-11T21:37:50","modified_gmt":"2024-09-11T19:37:50","slug":"hoy-hace-100-anos-joaquin-alonso-cueli-nuevo-presidente","status":"publish","type":"post","link":"https:\/\/www.manquepierda.com\/historiarealbetis\/hoy-hace-100-anos-joaquin-alonso-cueli-nuevo-presidente\/","title":{"rendered":"Hoy hace 100 a\u00f1os. Joaqu\u00edn Alonso Cueli, nuevo presidente."},"content":{"rendered":"<div class=\"wp-block-image\">\n<figure class=\"aligncenter size-full\"><img data-recalc-dims=\"1\" loading=\"lazy\" decoding=\"async\" width=\"279\" height=\"416\" src=\"https:\/\/i0.wp.com\/www.manquepierda.com\/historiarealbetis\/files\/2023\/09\/6-1923-Joaquin-Alonso-Cueli-nuevo-presidente.png?resize=279%2C416&#038;ssl=1\" alt=\"\" class=\"wp-image-91052\" srcset=\"https:\/\/i0.wp.com\/www.manquepierda.com\/historiarealbetis\/files\/2023\/09\/6-1923-Joaquin-Alonso-Cueli-nuevo-presidente.png?w=279&amp;ssl=1 279w, https:\/\/i0.wp.com\/www.manquepierda.com\/historiarealbetis\/files\/2023\/09\/6-1923-Joaquin-Alonso-Cueli-nuevo-presidente.png?resize=148%2C220&amp;ssl=1 148w\" sizes=\"auto, (max-width: 279px) 100vw, 279px\" \/><\/figure>\n<\/div>\n\n<p>\u00a0<\/p>\n<p><span style=\"color: #008000\">El 6 de octubre de 1923 Joaqu\u00edn Alonso Cueli, a sus 23 a\u00f1os, es elegido presidente del Real Betis Balompi\u00e9 por la la junta directiva reunida, y en sustituci\u00f3n de Manuel Forcada, quien hab\u00eda dimitido por razones pol\u00edticas el mes anterior tras el golpe de estado que condujo a la Dictadura de Primo de Rivera.<\/span><\/p>\n<p><span style=\"color: #008000\">Joaqu\u00edn Alonso Cueli desempe\u00f1\u00f3 el cargo de presidente hasta febrero de 1924, permaneciendo como secretario de la nueva directiva encabezada por Ram\u00f3n Navarro.<\/span><\/p>\n<p>\u00a0<\/p>","protected":false},"excerpt":{"rendered":"<p>\u00a0 El 6 de octubre de 1923 Joaqu\u00edn Alonso Cueli, a sus 23 a\u00f1os, es elegido presidente del Real Betis Balompi\u00e9 por la la junta directiva reunida, y en sustituci\u00f3n de Manuel Forcada, quien hab\u00eda dimitido por razones pol\u00edticas el mes anterior tras el golpe de estado que condujo a la Dictadura de Primo de&#8230;<\/p>\n","protected":false},"author":5,"featured_media":91052,"comment_status":"open","ping_status":"open","sticky":false,"template":"","format":"standard","meta":{"_kad_post_transparent":"","_kad_post_title":"","_kad_post_layout":"","_kad_post_sidebar_id":"","_kad_post_content_style":"","_kad_post_vertical_padding":"","_kad_post_feature":"","_kad_post_feature_position":"","_kad_post_header":false,"_kad_post_footer":false,"_kad_post_classname":"","_jetpack_memberships_contains_paid_content":false,"footnotes":"","jetpack_publicize_message":"","jetpack_publicize_feature_enabled":true,"jetpack_social_post_already_shared":true,"jetpack_social_options":{"image_generator_settings":{"template":"highway","default_image_id":0,"font":"","enabled":false},"version":2}},"categories":[898,14583,1],"tags":[12362,1767],"class_list":["post-91051","post","type-post","status-publish","format-standard","has-post-thumbnail","hentry","category-1920-1929","category-efemerides","category-portada","tag-12362","tag-joaquin-alonso-cueli"],"jetpack_publicize_connections":[],"jetpack_featured_media_url":"https:\/\/i0.wp.com\/www.manquepierda.com\/historiarealbetis\/files\/2023\/09\/6-1923-Joaquin-Alonso-Cueli-nuevo-presidente.png?fit=279%2C416&ssl=1","jetpack_sharing_enabled":true,"jetpack_shortlink":"https:\/\/wp.me\/p1ij08-nGz","jetpack-related-posts":[],"_links":{"self":[{"href":"https:\/\/www.manquepierda.com\/historiarealbetis\/wp-json\/wp\/v2\/posts\/91051","targetHints":{"allow":["GET"]}}],"collection":[{"href":"https:\/\/www.manquepierda.com\/historiarealbetis\/wp-json\/wp\/v2\/posts"}],"about":[{"href":"https:\/\/www.manquepierda.com\/historiarealbetis\/wp-json\/wp\/v2\/types\/post"}],"author":[{"embeddable":true,"href":"https:\/\/www.manquepierda.com\/historiarealbetis\/wp-json\/wp\/v2\/users\/5"}],"replies":[{"embeddable":true,"href":"https:\/\/www.manquepierda.com\/historiarealbetis\/wp-json\/wp\/v2\/comments?post=91051"}],"version-history":[{"count":3,"href":"https:\/\/www.manquepierda.com\/historiarealbetis\/wp-json\/wp\/v2\/posts\/91051\/revisions"}],"predecessor-version":[{"id":91130,"href":"https:\/\/www.manquepierda.com\/historiarealbetis\/wp-json\/wp\/v2\/posts\/91051\/revisions\/91130"}],"wp:featuredmedia":[{"embeddable":true,"href":"https:\/\/www.manquepierda.com\/historiarealbetis\/wp-json\/wp\/v2\/media\/91052"}],"wp:attachment":[{"href":"https:\/\/www.manquepierda.com\/historiarealbetis\/wp-json\/wp\/v2\/media?parent=91051"}],"wp:term":[{"taxonomy":"category","embeddable":true,"href":"https:\/\/www.manquepierda.com\/historiarealbetis\/wp-json\/wp\/v2\/categories?post=91051"},{"taxonomy":"post_tag","embeddable":true,"href":"https:\/\/www.manquepierda.com\/historiarealbetis\/wp-json\/wp\/v2\/tags?post=91051"}],"curies":[{"name":"wp","href":"https:\/\/api.w.org\/{rel}","templated":true}]}}