{"id":91064,"date":"2023-10-06T10:11:00","date_gmt":"2023-10-06T08:11:00","guid":{"rendered":"https:\/\/www.manquepierda.com\/historiarealbetis\/?p=91064"},"modified":"2024-09-28T10:15:02","modified_gmt":"2024-09-28T08:15:02","slug":"alineacion-alaves-betis-liga-1956","status":"publish","type":"post","link":"https:\/\/www.manquepierda.com\/historiarealbetis\/alineacion-alaves-betis-liga-1956\/","title":{"rendered":"Alineaci\u00f3n Alav\u00e9s-Betis Liga 1956"},"content":{"rendered":"<div class=\"wp-block-image\">\n<figure class=\"aligncenter size-large\"><img data-recalc-dims=\"1\" loading=\"lazy\" decoding=\"async\" width=\"960\" height=\"636\" src=\"https:\/\/i0.wp.com\/www.manquepierda.com\/historiarealbetis\/files\/2023\/10\/Alineacion-Alaves-Betis-Liga-1956.jpg?resize=960%2C636&#038;ssl=1\" alt=\"\" class=\"wp-image-91065\" srcset=\"https:\/\/i0.wp.com\/www.manquepierda.com\/historiarealbetis\/files\/2023\/10\/Alineacion-Alaves-Betis-Liga-1956.jpg?resize=960%2C636&amp;ssl=1 960w, https:\/\/i0.wp.com\/www.manquepierda.com\/historiarealbetis\/files\/2023\/10\/Alineacion-Alaves-Betis-Liga-1956.jpg?resize=680%2C451&amp;ssl=1 680w, https:\/\/i0.wp.com\/www.manquepierda.com\/historiarealbetis\/files\/2023\/10\/Alineacion-Alaves-Betis-Liga-1956.jpg?resize=220%2C146&amp;ssl=1 220w, https:\/\/i0.wp.com\/www.manquepierda.com\/historiarealbetis\/files\/2023\/10\/Alineacion-Alaves-Betis-Liga-1956.jpg?resize=768%2C509&amp;ssl=1 768w, https:\/\/i0.wp.com\/www.manquepierda.com\/historiarealbetis\/files\/2023\/10\/Alineacion-Alaves-Betis-Liga-1956.jpg?w=1080&amp;ssl=1 1080w\" sizes=\"auto, (max-width: 960px) 100vw, 960px\" \/><\/figure>\n<\/div>\n\n<p><\/p>\n<p>17 de junio de 1956 en Mendizorroza Alav\u00e9s 1 Betis 1; jornada 8 de la liguilla de ascenso a Primera Divisi\u00f3n.<\/p>\n<p>En la imagen arriba Eugenio, Portu, Ledesma, Cabrera, Lora, Vilari\u00f1o y Am\u00e9rico; abajo Pe\u00f1afuerte, Sobrado, Del Sol, Cela y Guerrero.<\/p>\n<p>Primi en el minuto 48 adelant\u00f3 al equipo local, empatando Cela para el Betis en el 75.<\/p>\n<p>Manuel Echezarreta entrenaba al Alav\u00e9s y Pepe Valera al Betis.&nbsp;<\/p>\n<p><\/p>","protected":false},"excerpt":{"rendered":"<p>17 de junio de 1956 en Mendizorroza Alav\u00e9s 1 Betis 1; jornada 8 de la liguilla de ascenso a Primera Divisi\u00f3n. En la imagen arriba Eugenio, Portu, Ledesma, Cabrera, Lora, Vilari\u00f1o y Am\u00e9rico; abajo Pe\u00f1afuerte, Sobrado, Del Sol, Cela y Guerrero. Primi en el minuto 48 adelant\u00f3 al equipo local, empatando Cela para el Betis&#8230;<\/p>\n","protected":false},"author":5,"featured_media":91065,"comment_status":"open","ping_status":"open","sticky":false,"template":"","format":"standard","meta":{"_kad_post_transparent":"","_kad_post_title":"","_kad_post_layout":"","_kad_post_sidebar_id":"","_kad_post_content_style":"","_kad_post_vertical_padding":"","_kad_post_feature":"","_kad_post_feature_position":"","_kad_post_header":false,"_kad_post_footer":false,"_kad_post_classname":"","_jetpack_memberships_contains_paid_content":false,"footnotes":"","jetpack_publicize_message":"","jetpack_publicize_feature_enabled":true,"jetpack_social_post_already_shared":true,"jetpack_social_options":{"image_generator_settings":{"template":"highway","default_image_id":0,"font":"","enabled":false},"version":2}},"categories":[901,1],"tags":[4126,1239,3918,1134,3860,984,1607,1126,2579,3010,2581,6864,17881,541,1418,18482,1131],"class_list":["post-91064","post","type-post","status-publish","format-standard","has-post-thumbnail","hentry","category-1950-1959","category-portada","tag-1955-56","tag-1239","tag-americo-canas","tag-angel-ledesma","tag-carlos-cela","tag-deportivo-alaves","tag-eduardo-sobrado","tag-eugenio-ruiz","tag-jose-besteiro-portu","tag-jose-cabrera","tag-jose-penafuerte","tag-julio-vilarino","tag-liga-segunda-1955-56","tag-luis-del-sol","tag-manuel-lora","tag-promocion-1956","tag-tomas-guerrero"],"jetpack_publicize_connections":[],"jetpack_featured_media_url":"https:\/\/i0.wp.com\/www.manquepierda.com\/historiarealbetis\/files\/2023\/10\/Alineacion-Alaves-Betis-Liga-1956.jpg?fit=1080%2C716&ssl=1","jetpack_sharing_enabled":true,"jetpack_shortlink":"https:\/\/wp.me\/p1ij08-nGM","jetpack-related-posts":[],"_links":{"self":[{"href":"https:\/\/www.manquepierda.com\/historiarealbetis\/wp-json\/wp\/v2\/posts\/91064","targetHints":{"allow":["GET"]}}],"collection":[{"href":"https:\/\/www.manquepierda.com\/historiarealbetis\/wp-json\/wp\/v2\/posts"}],"about":[{"href":"https:\/\/www.manquepierda.com\/historiarealbetis\/wp-json\/wp\/v2\/types\/post"}],"author":[{"embeddable":true,"href":"https:\/\/www.manquepierda.com\/historiarealbetis\/wp-json\/wp\/v2\/users\/5"}],"replies":[{"embeddable":true,"href":"https:\/\/www.manquepierda.com\/historiarealbetis\/wp-json\/wp\/v2\/comments?post=91064"}],"version-history":[{"count":2,"href":"https:\/\/www.manquepierda.com\/historiarealbetis\/wp-json\/wp\/v2\/posts\/91064\/revisions"}],"predecessor-version":[{"id":91068,"href":"https:\/\/www.manquepierda.com\/historiarealbetis\/wp-json\/wp\/v2\/posts\/91064\/revisions\/91068"}],"wp:featuredmedia":[{"embeddable":true,"href":"https:\/\/www.manquepierda.com\/historiarealbetis\/wp-json\/wp\/v2\/media\/91065"}],"wp:attachment":[{"href":"https:\/\/www.manquepierda.com\/historiarealbetis\/wp-json\/wp\/v2\/media?parent=91064"}],"wp:term":[{"taxonomy":"category","embeddable":true,"href":"https:\/\/www.manquepierda.com\/historiarealbetis\/wp-json\/wp\/v2\/categories?post=91064"},{"taxonomy":"post_tag","embeddable":true,"href":"https:\/\/www.manquepierda.com\/historiarealbetis\/wp-json\/wp\/v2\/tags?post=91064"}],"curies":[{"name":"wp","href":"https:\/\/api.w.org\/{rel}","templated":true}]}}