{"id":91073,"date":"2023-10-08T12:00:00","date_gmt":"2023-10-08T10:00:00","guid":{"rendered":"https:\/\/www.manquepierda.com\/historiarealbetis\/?p=91073"},"modified":"2025-08-19T12:19:59","modified_gmt":"2025-08-19T10:19:59","slug":"hoy-hace-90-anos-betis-6-nacional-1","status":"publish","type":"post","link":"https:\/\/www.manquepierda.com\/historiarealbetis\/hoy-hace-90-anos-betis-6-nacional-1\/","title":{"rendered":"Hoy hace 90 a\u00f1os. Betis 6 Nacional 1 en el Campeonato Mancomunado."},"content":{"rendered":"<div class=\"wp-block-image\">\n<figure class=\"aligncenter size-full\"><img data-recalc-dims=\"1\" loading=\"lazy\" decoding=\"async\" width=\"960\" height=\"605\" src=\"https:\/\/i0.wp.com\/www.manquepierda.com\/historiarealbetis\/files\/2023\/10\/8-1933-Betis-6-Nacional-1-Mancomunado-1933-.jpg?resize=960%2C605&#038;ssl=1\" alt=\"\" class=\"wp-image-91074\" srcset=\"https:\/\/i0.wp.com\/www.manquepierda.com\/historiarealbetis\/files\/2023\/10\/8-1933-Betis-6-Nacional-1-Mancomunado-1933-.jpg?w=960&amp;ssl=1 960w, https:\/\/i0.wp.com\/www.manquepierda.com\/historiarealbetis\/files\/2023\/10\/8-1933-Betis-6-Nacional-1-Mancomunado-1933-.jpg?resize=680%2C429&amp;ssl=1 680w, https:\/\/i0.wp.com\/www.manquepierda.com\/historiarealbetis\/files\/2023\/10\/8-1933-Betis-6-Nacional-1-Mancomunado-1933-.jpg?resize=220%2C139&amp;ssl=1 220w, https:\/\/i0.wp.com\/www.manquepierda.com\/historiarealbetis\/files\/2023\/10\/8-1933-Betis-6-Nacional-1-Mancomunado-1933-.jpg?resize=768%2C484&amp;ssl=1 768w\" sizes=\"auto, (max-width: 960px) 100vw, 960px\" \/><\/figure>\n<\/div>\n\n<p><span style=\"color: #008000\">El 8 de octubre de 1933 en el Patronato el Betis derrota 6-1 al Nacional en partido de la jornada 6 del Campeonato Mancomunado Centro-Sur.<\/span><\/p>\n<p><span style=\"color: #008000\">Manol\u00edn en el minuto 15 abri\u00f3 el marcador para el Betis, y Paquirri de cabeza en el 20 hizo el segundo. Calleja con un disparo lejano acort\u00f3 distancias al final de la primera parte.<\/span><\/p>\n<p><span style=\"color: #008000\">En el 50 Manol\u00edn hizo el tercero a pase de Unamuno. En el 51 Garc\u00eda de la Puerta remat\u00f3 una jugada de Timimi, y de nuevo Garc\u00eda de la Puerta marc\u00f3 en el 60 con un disparo que se le escap\u00f3 de las manos al guardameta madrile\u00f1o. En el 70 Manol\u00edn cerr\u00f3 la cuenta a pase de Timimi.<\/span><\/p>\n<p><span style=\"color: #008000\">El Betis, dirigido por Patrick O\u00b4Connell, aline\u00f3 a Jes\u00fas; Areso, Aedo; Peral, Soladrero, Lecue; Timimi, Paquirri, Unamuno, Garc\u00eda de la Puerta y Manol\u00edn.<\/span><\/p>\n<p><span style=\"color: #008000\">El Nacional, entrenado por Francisco Bru, jug\u00f3 con Santander; Su\u00e1rez, Calvo; S\u00e1nchez, Calleja, Zulueta; Castro, Moriones, L\u00f3pez Herranz, San Emeterio y Montalb\u00e1n.<\/span><\/p>\n<p><span style=\"color: #008000\">En este partido debutan en competici\u00f3n oficial con el Betis Manuel Fern\u00e1ndez \u00abManol\u00edn\u00bb y Francisco Gonz\u00e1lez \u00abPaquirri\u00bb.\u00a0\u00a0<\/span><\/p>","protected":false},"excerpt":{"rendered":"<p>El 8 de octubre de 1933 en el Patronato el Betis derrota 6-1 al Nacional en partido de la jornada 6 del Campeonato Mancomunado Centro-Sur. Manol\u00edn en el minuto 15 abri\u00f3 el marcador para el Betis, y Paquirri de cabeza en el 20 hizo el segundo. Calleja con un disparo lejano acort\u00f3 distancias al final&#8230;<\/p>\n","protected":false},"author":5,"featured_media":91074,"comment_status":"open","ping_status":"open","sticky":false,"template":"","format":"standard","meta":{"_kad_post_transparent":"","_kad_post_title":"","_kad_post_layout":"","_kad_post_sidebar_id":"","_kad_post_content_style":"","_kad_post_vertical_padding":"","_kad_post_feature":"","_kad_post_feature_position":"","_kad_post_header":false,"_kad_post_footer":false,"_kad_post_classname":"","_jetpack_memberships_contains_paid_content":false,"footnotes":"","jetpack_publicize_message":"","jetpack_publicize_feature_enabled":true,"jetpack_social_post_already_shared":true,"jetpack_social_options":{"image_generator_settings":{"template":"highway","default_image_id":0,"font":"","enabled":false},"version":2}},"categories":[899,14583,1],"tags":[1537,17834,11500,1575,18339],"class_list":["post-91073","post","type-post","status-publish","format-standard","has-post-thumbnail","hentry","category-1930-1939","category-efemerides","category-portada","tag-1537","tag-campeonato-mancomunado-1933-34","tag-cd-nacional","tag-francisco-gonzalez-paquirri","tag-manuel-fernandez-manolin-2"],"jetpack_publicize_connections":[],"jetpack_featured_media_url":"https:\/\/i0.wp.com\/www.manquepierda.com\/historiarealbetis\/files\/2023\/10\/8-1933-Betis-6-Nacional-1-Mancomunado-1933-.jpg?fit=960%2C605&ssl=1","jetpack_sharing_enabled":true,"jetpack_shortlink":"https:\/\/wp.me\/p1ij08-nGV","jetpack-related-posts":[],"_links":{"self":[{"href":"https:\/\/www.manquepierda.com\/historiarealbetis\/wp-json\/wp\/v2\/posts\/91073","targetHints":{"allow":["GET"]}}],"collection":[{"href":"https:\/\/www.manquepierda.com\/historiarealbetis\/wp-json\/wp\/v2\/posts"}],"about":[{"href":"https:\/\/www.manquepierda.com\/historiarealbetis\/wp-json\/wp\/v2\/types\/post"}],"author":[{"embeddable":true,"href":"https:\/\/www.manquepierda.com\/historiarealbetis\/wp-json\/wp\/v2\/users\/5"}],"replies":[{"embeddable":true,"href":"https:\/\/www.manquepierda.com\/historiarealbetis\/wp-json\/wp\/v2\/comments?post=91073"}],"version-history":[{"count":5,"href":"https:\/\/www.manquepierda.com\/historiarealbetis\/wp-json\/wp\/v2\/posts\/91073\/revisions"}],"predecessor-version":[{"id":104356,"href":"https:\/\/www.manquepierda.com\/historiarealbetis\/wp-json\/wp\/v2\/posts\/91073\/revisions\/104356"}],"wp:featuredmedia":[{"embeddable":true,"href":"https:\/\/www.manquepierda.com\/historiarealbetis\/wp-json\/wp\/v2\/media\/91074"}],"wp:attachment":[{"href":"https:\/\/www.manquepierda.com\/historiarealbetis\/wp-json\/wp\/v2\/media?parent=91073"}],"wp:term":[{"taxonomy":"category","embeddable":true,"href":"https:\/\/www.manquepierda.com\/historiarealbetis\/wp-json\/wp\/v2\/categories?post=91073"},{"taxonomy":"post_tag","embeddable":true,"href":"https:\/\/www.manquepierda.com\/historiarealbetis\/wp-json\/wp\/v2\/tags?post=91073"}],"curies":[{"name":"wp","href":"https:\/\/api.w.org\/{rel}","templated":true}]}}